{"id":661,"date":"2017-06-21T06:18:30","date_gmt":"2017-06-21T06:18:30","guid":{"rendered":"https:\/\/unfilm.org\/?p=661"},"modified":"2017-07-30T13:11:45","modified_gmt":"2017-07-30T13:11:45","slug":"episode-4_6-motive-e-s-les-concerts","status":"publish","type":"post","link":"https:\/\/unfilm.org\/?p=661","title":{"rendered":"\u00c9pisode 4_6<em> [Motiv\u00e9-e-s, Les Concerts]<\/em>"},"content":{"rendered":"<p><strong>31 Janvier et 2 F\u00e9vrier 2001<\/strong><\/p>\n<script type='text\/javascript'>\t\n\t\t\t\t\tjQuery(document).ready(function($){\n\t\t\t\t\t\t$ = jQuery.noConflict();\n\t\t\t\t\t\tvar vplp_player0 = $('#apvplp_player_0').vplp({sourcePath:'https:\/\/unfilm.org\/wp-content\/plugins\/apvplp\/source\/',\n\t\t\t\t\t\t\t\tplaylistList: '#apvplp_playlist_holder_0',\n\t\t\t\t\t\t\t\tmediaId:'apvplp_player_0',\n\t\t\t\t\t\t\t\tuseDeeplink:false,\n\t\t\t\t\t\t\t\tuseLivePreview:false,\n\t\t\t\t\t\t\t\tactivePlaylist:'apvplp_playlist_29',\n\t\t\t\t\t\t\t\tactiveItem:'0',\n\t\t\t\t\t\t\t\tdefaultVolume:0.5,\n\t\t\t\t\t\t\t\tautoPlay:false,\n\t\t\t\t\t\t\t\trandomPlay:false,\n\t\t\t\t\t\t\t\tloopingOn:true,\n\t\t\t\t\t\t\t\tytAppId:'',\n\t\t\t\t\t\t\t\tuseShare:true,\n\t\t\t\t\t\t\t\tfsAppId:'00',\n\t\t\t\t\t\t\t\tautoAdvanceToNextVideo:true,\n\t\t\t\t\t\t\t\tautoOpenDescription:false,\n\t\t\t\t\t\t\t\tautoReuseMailForDownload:true,\n\t\t\t\t\t\t\t\tautoHideControls:true,\n\t\t\t\t\t\t\t\tcontrolsTimeout:3000,\n\t\t\t\t\t\t\t\tplaylistOrientation:'vertical',\n\t\t\t\t\t\t\t\tplaylistType:'list',\n\t\t\t\t\t\t\t\tshowPlaylist:true,\n\t\t\t\t\t\t\t\tscrollType:'scroll',\n\t\t\t\t\t\t\t\taspectRatio:1,\n\t\t\t\t\t\t\t\tlayout100perc:false,\n\t\t\t\t\t\t\t\tcontextMenuType:'custom',\n\t\t\t\t\t\t\t\tcontextMenuText:'',\n\t\t\t\t\t\t\t\tcontextMenuLink:'',\n\t\t\t\t\t\t\t\tcontextMenuTarget:'_blank',\n\t\t\t\t\t\t\t\tlogoPath:'https:\/\/unfilm.org\/wp-content\/uploads\/2016\/03\/watermark2.png',\n\t\t\t\t\t\t\t\tlogoPosition:'tl',\n\t\t\t\t\t\t\t\tlogoXOffset:10,\n\t\t\t\t\t\t\t\tlogoYOffset:10,\n\t\t\t\t\t\t\t\tlogoTooltipText:'Un film ?',\n\t\t\t\t\t\t\t\tlogoUrl:'https:\/\/unfilm.org',\n\t\t\t\t\t\t\t\tlogoTarget:'_blank',\n\t\t\t\t\t\t\t\tuseTooltips:true,\n\t\t\t\t\t\t\t\tshowControlsInAdvert:false,\n\t\t\t\t\t\t\t\tdisableSeekbarInAdvert:false,\n\t\t\t\t\t\t\t\tshowSkipButtonInAdvert:false,\n\t\t\t\t\t\t\t\tadvertSkipBtnText:'SKIP AD >',\n\t\t\t\t\t\t\t\tadvertSkipVideoText:'You can skip to video in',buttonsUrl: {thumbnailPreloaderUrl: 'data\/loading.gif'}\n\t\t\t\t\t\t\t}\n\t\t\t\t\t\t);\n\t\t\t\t\t});\n\t\t\t<\/script><div id=\"apvplp_player_0\"><\/div><div id=\"apvplp_playlist_holder_0\" style=\"display:none;\"><div id=\"apvplp_playlist_29\" data-address=\"apvplp_playlist_29\" ><div class=\"playlistNonSelected\" data-type=\"local\" data-preview=\"https:\/\/unfilm.org\/tv4\/04_06_01-.jpg\" data-thumb=\"https:\/\/unfilm.org\/tv4\/04_06_01.jpg\"  data-mp4-040601=\"https:\/\/unfilm.org\/tv4\/04_06_01.mp4\"  data-download=\"https:\/\/unfilm.org\/tv4\/04_06_01.mp4\"  data-uniqid=\"vplpns57365075\" >\n<div class=\"ap_title\">04_06_01 MOT CONCERTS<\/div>\n<div class=\"ap_short_desc\">Le service d'ordre.. <\/div>\n<\/div>\n<div class=\"playlistNonSelected\" data-type=\"local\" data-preview=\"https:\/\/unfilm.org\/tv4\/04_06_02-.jpg\" data-thumb=\"https:\/\/unfilm.org\/tv4\/04_06_02.jpg\"  data-mp4-040602=\"https:\/\/unfilm.org\/tv4\/04_06_02.mp4\"  data-download=\"https:\/\/unfilm.org\/tv4\/04_06_02.mp4\"  data-uniqid=\"vplpns86648793\" >\n<div class=\"ap_title\">04_06_02 MOT CONCERTS<\/div>\n<div class=\"ap_short_desc\">1er Concert ,prise de parole\u2026<\/div>\n<\/div>\n<div class=\"playlistNonSelected\" data-type=\"local\" data-preview=\"https:\/\/unfilm.org\/tv4\/04_06_03-.jpg\" data-thumb=\"https:\/\/unfilm.org\/tv4\/04_06_03.jpg\"  data-mp4-040603=\"https:\/\/unfilm.org\/tv4\/04_06_03.mp4\"  data-download=\"https:\/\/unfilm.org\/tv4\/04_06_03.mp4\"  data-uniqid=\"vplpns93253506\" >\n<div class=\"ap_title\">04_06_03 MOT CONCERTS<\/div>\n<div class=\"ap_short_desc\">Extraits<\/div>\n<\/div>\n<div class=\"playlistNonSelected\" data-type=\"local\" data-preview=\"https:\/\/unfilm.org\/tv4\/04_06_04-.jpg\" data-thumb=\"https:\/\/unfilm.org\/tv4\/04_06_04.jpg\"  data-mp4-040604=\"https:\/\/unfilm.org\/tv4\/04_06_04.mp4\"  data-download=\"https:\/\/unfilm.org\/tv4\/04_06_04.mp4\"  data-uniqid=\"vplpns85619255\" >\n<div class=\"ap_title\">04_06_04 MOT CONCERTS<\/div>\n<div class=\"ap_short_desc\"><p>3 \u00e9me Concert, of<\/p><\/div>\n<div class=\"ap_desc\"><p>_<\/p><\/div>\n<\/div>\n<div class=\"playlistNonSelected\" data-type=\"local\" data-preview=\"https:\/\/unfilm.org\/tv4\/04_06_05-.jpg\" data-thumb=\"https:\/\/unfilm.org\/tv4\/04_06_05.jpg\"  data-mp4-040605=\"https:\/\/unfilm.org\/tv4\/04_06_05.mp4\"  data-download=\"https:\/\/unfilm.org\/tv4\/04_06_05.mp4\"  data-uniqid=\"vplpns15502277\" >\n<div class=\"ap_title\">04_06_05 MOT CONCERTS<\/div>\n<div class=\"ap_short_desc\">Prise de parole et extraits<\/div>\n<\/div>\n<div class=\"playlistNonSelected\" data-type=\"local\" data-preview=\"https:\/\/unfilm.org\/tv4\/04_06_06-.jpg\" data-thumb=\"https:\/\/unfilm.org\/tv4\/04_06_06.jpg\"  data-mp4-040606=\"https:\/\/unfilm.org\/tv4\/04_06_06.mp4\"  data-download=\"https:\/\/unfilm.org\/tv4\/04_06_06.mp4\"  data-uniqid=\"vplpns3646505\" >\n<div class=\"ap_title\">04_06_06 MOT CONCERTS<\/div>\n<div class=\"ap_short_desc\">Extraits<\/div>\n<\/div>\n<\/div>\n<\/div>\n<div class=\"csRow\">\n<div class=\"csColumnGap\" style=\"margin: 0px; padding: 0px; float: left; width: 1.56%;\"><img decoding=\"async\" src=\"https:\/\/unfilm.org\/wp-content\/plugins\/advanced-wp-columns\/assets\/js\/plugins\/views\/img\/1x1-pixel.png\" \/><\/div>\n<div class=\"csColumn\" style=\"margin: 0px; padding: 0px; float: left; width: 47.7%;\" data-csstartpoint=\"15.000003051757812\" data-csendpoint=\"472.49998779296874\" data-cswidth=\"47.7%\" data-csid=\"2eae187d-52f7-16a4-b7b9-3b62a5e4322a\">\n<p style=\"text-align: justify;\">Avant-hier, premier des trois concerts de Mot\u2019. Les trois concerts sont pleins 3&#215;800 = 2400 places. Pour eux \u00e7a semble presque naturel, pour moi je me rends compte qu&rsquo;il y a toute une partie de l&rsquo;iceberg que je ne connais pas.<\/p>\n<p style=\"text-align: justify;\">La salle bond\u00e9e qui chante<\/p>\n<p style=\"text-align: justify;\">\n<p style=\"text-align: justify;\">Avanti o popolo, alla riscossa<\/p>\n<p style=\"text-align: justify;\">Bandiera rossa triomfer\u00e0<\/p>\n<p style=\"text-align: justify;\">Bandiera rossa triomfer\u00e0 (ter)<\/p>\n<p style=\"text-align: justify;\">E viva il communismo e la libert\u00e0\n<\/p>\n<p style=\"text-align: justify;\">\u00c7a fait chaud au coeur, avec un doute quand m\u00eame, puis un peu bizarre de voir la m\u00eame gestuelle que pour un concert de Patrick Bruel.<\/p>\n<p style=\"text-align: justify;\">L\u00e0 o\u00f9 j&rsquo;\u00e9tais vraiment mal, c&rsquo;\u00e9tait pour la \u00ab\u00a0Butte Rouge\u00a0\u00bb Chacun des 3 Zebda, interpr\u00e9tant\u00a0: \u00ab\u00a0La Butte Rouge, c&rsquo;est son nom, l&rsquo;bapt\u00e8me s&rsquo;fit un matin O\u00f9 tous ceux qui grimp\u00e8rent, roul\u00e8rent dans le ravin\u00a0\u00bb en faisant des chichis, comme s&rsquo;il s&rsquo;agissait d&rsquo;une chanson de Julio Igl\u00e9sias, l\u00e0 j&rsquo;avoue que j&rsquo;ai du mal.<\/p>\n<p style=\"text-align: justify;\">Mais bon, je suis pt\u00eat n\u00e9gatif. Mais il me semble que la forme \u00ab\u00a0concert\u00bb est une impasse, au-del\u00e0 ou \u00e0 cause de l&rsquo;aspect religieux avec ceux qui officient sur sc\u00e8ne, et ceux qui communient en bas dans la salle, \u00e7a ne peut aller plus loin, jamais les gens qui \u00e9taient l\u00e0, pour un seul soir, ne se rencontreront ailleurs. Et ce n\u2019est pas les sonos surpuissantes qui apr\u00e8s des heures de r\u00e9glage d\u00e9bitent une bouillie sonore, et les \u00e9clairages monstrueux, qui y feront quelque chose. Et enfin ce soir-l\u00e0, \u00e7a chantait, voir \u00e7a jouait souvent bien faux, Ou alors c&rsquo;est moi qui n&rsquo;ai plus d&rsquo;oreilles. Le soir je suis rentr\u00e9 avec le bourdonnement des abeilles dans les oreilles.<\/p>\n<p style=\"text-align: justify;\">Bref pas grand-chose \u00e0 filmer, l&rsquo;intervention de O. annon\u00e7ant le WE de d\u00e9bat \u00e9tait longue et chiante. Ils ont un vrai probl\u00e8me de communication publique, je l&rsquo;ai revue sur TLT \u00e0 une table ronde entre femmes, l\u00e0 il valait mieux carr\u00e9ment ne pas y aller.<\/p>\n<p style=\"text-align: justify;\">J&rsquo;observais Maggyd r\u00e9pondre en rafale aux sollicitations des cam\u00e9ras, il joue les jeux gentil des questions r\u00e9ponses avec des mots cl\u00e9s, etc.<\/p>\n<p style=\"text-align: justify;\">Je me demande s&rsquo;il n&rsquo; y a pas l\u00e0 quelque chose qui flingue la pens\u00e9e.<\/p>\n<p style=\"text-align: justify;\">Il reste que des gens se retrouvent discutent entre eux, \u00e7a refait du lien, et c&rsquo;est pas mal.<\/p>\n<p style=\"text-align: justify;\">J&rsquo;ai rendez-vous avec 100% mardi, on va voir&#8230;<\/p>\n<p style=\"text-align: justify;\">Ce WE, Mot\u2019 \u00e9tats g\u00e9n\u00e9raux.<\/p>\n<p><a href=\"https:\/\/unfilm.org\/?p=73\" target=\"_blank\" rel=\"noopener\">Lire sur le journal<\/a><\/p>\n<p style=\"text-align: justify;\">\n<\/div>\n<div class=\"csColumnGap\" style=\"margin: 0px; padding: 0px; float: left; width: 1.56%;\"><img decoding=\"async\" src=\"https:\/\/unfilm.org\/wp-content\/plugins\/advanced-wp-columns\/assets\/js\/plugins\/views\/img\/1x1-pixel.png\" \/><\/div>\n<div class=\"csColumn\" style=\"margin: 0px; padding: 0px; float: left; width: 47.7%;\" data-csstartpoint=\"487.49998779296874\" data-csendpoint=\"944.9999877929688\" data-cswidth=\"47.7%\" data-csid=\"6354d12d-0fcb-0a3c-bfe9-9e45a5990d9d\">\n<p style=\"text-align: right;\"><em>Plus tard&#8230;<\/em><\/p>\n<\/div>\n<div class=\"csColumnGap\" style=\"margin: 0px; padding: 0px; float: left; width: 1.56%;\"><em><img decoding=\"async\" src=\"https:\/\/unfilm.org\/wp-content\/plugins\/advanced-wp-columns\/assets\/js\/plugins\/views\/img\/1x1-pixel.png\" \/><\/em><\/div>\n<div style=\"clear: both; float: none; display: block; visibility: hidden; width: 0px; font-size: 0px; line-height: 0;\"><em>\u00a0<\/em><\/div>\n<\/div>\n<p>&nbsp;<\/p>\n<p style=\"text-align: center;\">\n","protected":false},"excerpt":{"rendered":"<p>31 Janvier et 2 F\u00e9vrier 2001 Avant-hier, premier des trois concerts de Mot\u2019. Les trois concerts sont pleins 3&#215;800 = 2400 places. Pour eux \u00e7a semble presque naturel, pour moi je me rends compte qu&rsquo;il y a toute une partie<\/p>\n","protected":false},"author":1,"featured_media":777,"comment_status":"open","ping_status":"open","sticky":false,"template":"","format":"standard","meta":{"footnotes":""},"categories":[33],"tags":[],"class_list":["post-661","post","type-post","status-publish","format-standard","has-post-thumbnail","hentry","category-saison-4"],"_links":{"self":[{"href":"https:\/\/unfilm.org\/index.php?rest_route=\/wp\/v2\/posts\/661","targetHints":{"allow":["GET"]}}],"collection":[{"href":"https:\/\/unfilm.org\/index.php?rest_route=\/wp\/v2\/posts"}],"about":[{"href":"https:\/\/unfilm.org\/index.php?rest_route=\/wp\/v2\/types\/post"}],"author":[{"embeddable":true,"href":"https:\/\/unfilm.org\/index.php?rest_route=\/wp\/v2\/users\/1"}],"replies":[{"embeddable":true,"href":"https:\/\/unfilm.org\/index.php?rest_route=%2Fwp%2Fv2%2Fcomments&post=661"}],"version-history":[{"count":7,"href":"https:\/\/unfilm.org\/index.php?rest_route=\/wp\/v2\/posts\/661\/revisions"}],"predecessor-version":[{"id":869,"href":"https:\/\/unfilm.org\/index.php?rest_route=\/wp\/v2\/posts\/661\/revisions\/869"}],"wp:featuredmedia":[{"embeddable":true,"href":"https:\/\/unfilm.org\/index.php?rest_route=\/wp\/v2\/media\/777"}],"wp:attachment":[{"href":"https:\/\/unfilm.org\/index.php?rest_route=%2Fwp%2Fv2%2Fmedia&parent=661"}],"wp:term":[{"taxonomy":"category","embeddable":true,"href":"https:\/\/unfilm.org\/index.php?rest_route=%2Fwp%2Fv2%2Fcategories&post=661"},{"taxonomy":"post_tag","embeddable":true,"href":"https:\/\/unfilm.org\/index.php?rest_route=%2Fwp%2Fv2%2Ftags&post=661"}],"curies":[{"name":"wp","href":"https:\/\/api.w.org\/{rel}","templated":true}]}}