{"id":53,"date":"2016-03-17T14:12:33","date_gmt":"2016-03-17T13:12:33","guid":{"rendered":"http:\/\/localhost\/journal\/?p=53"},"modified":"2016-03-17T14:12:33","modified_gmt":"2016-03-17T13:12:33","slug":"270201-2","status":"publish","type":"post","link":"https:\/\/unfilm.org\/?p=53","title":{"rendered":"27\/02\/01"},"content":{"rendered":"<p style=\"text-align: justify;\"><strong>Samedi Matin<\/strong>, Chez Mot\u2019, r\u00e9union de pr\u00e9paration de l&rsquo;AG du 4, qui doit pr\u00e9parer les d\u00e9cisions \u00e0 prendre \u00ab\u00a0live\u00a0\u00bb pour le second tour. Deux heures \u00e0 discuter dans une cave de resto \u00e9clair\u00e9 par une ampoule blafarde. C&rsquo;est H. qui pilote la r\u00e9union. Piloter, et discuter en m\u00eame temps \u00e7a demande un effort surhumain de remise \u00e0 distance constante, H. aura quelques faiblesses. Faut dire que le sujet est d&rsquo;une \u00e9paisseur, et d&rsquo;une perversit\u00e9 effroyable. A la fois comprendre les rouages de la machine \u00e9lectorale, ses cons\u00e9quences\u00a0 selon les diff\u00e9rents scores qui vont\u00a0 se pr\u00e9senter, puis en d\u00e9duire des positions sp\u00e9cifiques \u00e0 Mot\u2019. En inventorier les avantages et les inconv\u00e9nients pour chaque choix \u00e9ventuels. Et pour finir, comment pr\u00e9senter tout \u00e7a d\u00e9mocratiquement \u00e0 l\u2019AG du 4. J&rsquo;ai d\u00fb oublier encore quelques modules du genre \u00ab\u00a0 Si on va \u00e0 la n\u00e9gociation avec le PS \u00e0 quelle conditions, et sous quelle forme\u00a0\u00bb. De quoi faire une semaine de s\u00e9minaire.<\/p>\n<p style=\"text-align: justify;\">Piloter ce genre de r\u00e9union devient alors un boulot \u00e0 plein temps.<\/p>\n<p style=\"text-align: justify;\">N&#8217;emp\u00eache que \u00e7a cogite, \u00e7a bosse, avec des glissements constants. On dirait des huissiers devant faire un constat dans une p\u00e2tisserie, et ne pouvant s&#8217;emp\u00eacher constamment d&rsquo;avaler un petit four par ci, d&rsquo;entamer un g\u00e2teau, par l\u00e0. On nomme, on explique, puis tout d&rsquo;un coup on d\u00e9bat, et ostensiblement on d\u00e9fend des positions personnelles. Quand ce n&rsquo;est surtout pas le lieu, le moment, le mandat.<\/p>\n<p style=\"text-align: justify;\">Bon ce n&rsquo;est pas clair, mais dans une dizaine d&rsquo;ann\u00e9es, j&rsquo;\u00e9crirais des choses d\u00e9finitives sur le sujet.<\/p>\n<p style=\"text-align: justify;\">Reste qu&rsquo;il ne faut pas craindre le vertige pour discuter tour \u00e0 tour de ce qui d\u00e9coulera d&rsquo;un score de 6%, et d&rsquo;un de 20 ou\u00a0 plus, parce qu&rsquo;il faut bien tout pr\u00e9voir.<\/p>\n<p style=\"text-align: justify;\">Pendant la discussion D. lance le concept \u00ab\u00a0d\u2019accord principiel\u00a0\u00bb qui se diff\u00e9rencie de l&rsquo;accord programmatique. J&rsquo;ai parfois du mal \u00e0 comprendre ce qui se dit dans une r\u00e9union, quand je filme en m\u00eame temps, mais l\u00e0, je me rendrais compte le lendemain que je ne suis pas le seul.<\/p>\n<p style=\"text-align: justify;\">Fa. arrive en cours de route et demande \u00e0 ce que l&rsquo;\u00e9ventualit\u00e9 d&rsquo;un maintien au second tour soit \u00e9tudi\u00e9 avec autant de soin que les autres positions. Ca vient d&rsquo;\u00eatre fait pendant une heure. Toll\u00e9 affectueux\u00a0!<\/p>\n<p style=\"text-align: justify;\">Il y a en g\u00e9n\u00e9ral une forme affectueuse d&rsquo;\u00e9change, de discussion. Est-ce que c&rsquo;est parce que c&rsquo;est un mouvement neuf, qui n&rsquo;a pas encore vraiment de passif? Pourvu que \u00e7a dure, c&rsquo;est un d\u00e9lice.<\/p>\n<p style=\"text-align: justify;\">\n<p style=\"text-align: justify;\">En sortant je passe\u00a0 au local, o\u00f9 la commission communication v\u00e9rifie les \u00e9preuves du journal, chacun lisant attentivement chaque article. Arrive les \u00e9preuves d\u00e9finitives des affiches. On ouvre les enveloppes, l&rsquo;affiche antisexiste a \u00e9t\u00e9 modifi\u00e9e les images de sexes on \u00e9t\u00e9 remplac\u00e9 par des mots.\u00a0 Celle de la liste, o\u00f9 le CA avait demand\u00e9 que les 4 visages soient sexu\u00e9s et vari\u00e9s, n&rsquo;a pas boug\u00e9 d&rsquo;un poil. Fa. s&rsquo;inqui\u00e8te des r\u00e9percutions, Fr. balaye ses inqui\u00e9tudes \u00ab\u00a0 il\u00a0 y avait aussi plein d&rsquo;autres avis\u00a0\u00bb remettant\u00a0 en\u00a0 cause, l&rsquo;air de rien, la souverainet\u00e9 jamais vraiment d\u00e9finie du CA. Fa. prends sur lui.<\/p>\n<p style=\"text-align: justify;\">L&rsquo;apr\u00e8s-midi, le carnaval du COUAC. Avec des objectifs politiques, revendicatifs. C&rsquo;est \u00e9norme, un monde fou. Des milliers de gens souriants en permanence, c&rsquo;est rare, dans les rues de Toulouse.<\/p>\n<p style=\"text-align: justify;\">Pr\u00e9sence d&rsquo;un char \u00ab\u00a0Sound-systeme des Motiv\u00e9s\u00a0\u00bb. Un gros camion avec une grosse sono et le groupe \u00ab\u00a0Motiv\u00e9s\u00a0\u00bb qui chante. Avant de d\u00e9marrer \u00e0 l&rsquo;avant du camion sont coll\u00e9s bien en \u00e9vidence deux tracts de la liste Motiv\u00e9-e-s, Des gens du Couac, demanderont \u00e0 ce que ce qu&rsquo;ils soient enlev\u00e9s.<\/p>\n<p style=\"text-align: justify;\">Pendant tout le cort\u00e8ge des militant-e-s motiv\u00e9-e-s distribueront des tracts appelant \u00e0 la journ\u00e9e du lendemain (Village d&rsquo;assos, et spectacle le soir\u00a0 contre le racisme, et la venue de Le Pen). Ce qui sera \u00e9tonnant c&rsquo;est que des gens du cort\u00e8ge viendront spontan\u00e9ment demander des tracts pour aider \u00e0 la distribution.<\/p>\n<p style=\"text-align: justify;\">Le carnaval est tr\u00e8s riche dans sa forme, et politiquement assez gentil. Derri\u00e8re le char Motiv\u00e9s des\u00a0 milliers de personnes marchent joyeux envahissant la chauss\u00e9e et les trottoirs, faisant presque une manifestation dans la manifestation. Le malaise que j&rsquo;avais se confirme, lorsque arriv\u00e9 place du\u00a0 Capitole, le groupe attaque la chanson \u00ab\u00a0Motiv\u00e9s\u00a0\u00bb\u00a0 M\u00eame si tout s&rsquo;est fait gentiment , plein de gens peuvent ressentir \u00e7a comme de la r\u00e9cup. Il va peut-\u00eatre y avoir des retomb\u00e9es n\u00e9gatives \u00e0 g\u00e9rer.<\/p>\n<p style=\"text-align: justify;\">Rien de plus p\u00e9nible \u00e0 filmer que ce genre de manif, quand on est dedans on ne voit que quelque t\u00eates, pour voir l&rsquo;ensemble faut \u00eatre en hauteur, et alors, on domine.<\/p>\n<p style=\"text-align: justify;\">Et comme par hasard quand Mouss lance au public,\u00a0\u00ab\u00a0Ceux qui ont des cam\u00e9ras vid\u00e9o, filmez-nous, on chante Motiv\u00e9s devant la Mairie de Toulouse, c&rsquo;est exceptionnel!\u00a0\u00bb je n&rsquo;ai plus de batteries.<\/p>\n<p style=\"text-align: justify;\">\n<p style=\"text-align: justify;\"><strong>Lendemain Matin,<\/strong><\/p>\n<p style=\"text-align: justify;\">Installation du village associatif, qui se r\u00e9duira \u00e0 quelques stands, c&rsquo;est l&rsquo;\u00e9chec (l\u00e0 je ne m&rsquo;\u00e9tais pas tromp\u00e9 dans mes pronostics). Installation d&rsquo;une sc\u00e8ne, avec projo, sono, gros dispositif (manag\u00e9 par l&rsquo;immense T.) pour accueillir la com\u00e9die musicale du soir.<\/p>\n<p style=\"text-align: justify;\">400\/500 personnes seront l\u00e0, et jusqu&rsquo;au bout du spectacle, dans le froid, assises \u00e0 m\u00eame le sol (Alors l\u00e0, par contre, je m&rsquo;\u00e9tais compl\u00e8tement plant\u00e9!).<\/p>\n<p style=\"text-align: justify;\">Salah me dit avec un sourire \u00e9norme, \u00ab\u00a0on est comme \u00e7a, on est fou !\u00a0\u00bb Puis un peu plus tard, \u00ab\u00a0tu t&rsquo;imagines, si \u00e7a avait \u00e9t\u00e9 le collectif unitaire, on aurait rempli la place\u00a0\u00bb. En y repensant un peu plus tard, j&rsquo;ai un doute.<\/p>\n<p style=\"text-align: justify;\">Le tout, sans aucune autorisation !<\/p>\n<p style=\"text-align: justify;\">Dans la journ\u00e9e, la suite de la r\u00e9union d&rsquo;hier.<\/p>\n<p style=\"text-align: justify;\">\u00a0Bon j&rsquo;\u00e9courte.<\/p>\n<p style=\"text-align: justify;\">Les accords principiels ne sont pas vraiment pass\u00e9s, D. bon joueur en sort un peu triste.<\/p>\n<ol style=\"text-align: justify;\">\n<li>n&rsquo;est pas une grande gueule, mais j&rsquo;ai remarqu\u00e9 dans d\u2019autres commissions la qualit\u00e9 de ses interventions. Ca se confirme l\u00e0, elle propose des m\u00e9thodes de travail, des mises en formes subtiles. Mais comme elle ne donne pas dans le spectaculaire, elle est balay\u00e9e par les courants dominants. Avec la complicit\u00e9 de certaines filles pr\u00e9sentes, elle va pouvoir d\u00e9velopper ses id\u00e9es, et les int\u00e9grer pleinement au travail en cours.<\/li>\n<\/ol>\n<p style=\"text-align: justify;\">Chapeau !<\/p>\n<p style=\"text-align: justify;\">Et puis plein, plein, d&rsquo;autres choses, mais l\u00e0 je n&rsquo;ai plus le temps.<\/p>\n<p style=\"text-align: justify;\">Deux choses quand m\u00eame. Est ce que ceux qui sont sur la liste du PS, se posent le dixi\u00e8me des questions que se pose Mot\u2019.<\/p>\n<p style=\"text-align: justify;\">S&rsquo;il fallait budg\u00e9tiser un programme de \u00ab\u00a0formation \u00e0 la citoyennet\u00e9\u00a0\u00bb correspondant \u00e0 la formation que se sont fabriqu\u00e9s eux-m\u00eames, les participants \u00e0 chaque commission, quel minist\u00e8re aurait un budget suffisant pour supporter \u00e7a? La Jeunesse et les Sports ? Oh pardon!<\/p>\n<p style=\"text-align: justify;\">En d&rsquo;autres mots, il y a l\u00e0, r\u00e9ellement, une cr\u00e9ation de richesse.<\/p>\n<p style=\"text-align: justify;\"><strong>\u00a0<\/strong><\/p>\n","protected":false},"excerpt":{"rendered":"<p>Samedi Matin, Chez Mot\u2019, r\u00e9union de pr\u00e9paration de l&rsquo;AG du 4, qui doit pr\u00e9parer les d\u00e9cisions \u00e0 prendre \u00ab\u00a0live\u00a0\u00bb pour le second tour. Deux heures \u00e0 discuter dans une cave de resto \u00e9clair\u00e9 par une ampoule blafarde. C&rsquo;est H. qui<\/p>\n","protected":false},"author":1,"featured_media":0,"comment_status":"open","ping_status":"open","sticky":false,"template":"","format":"standard","meta":{"footnotes":""},"categories":[17,11],"tags":[],"class_list":["post-53","post","type-post","status-publish","format-standard","hentry","category-fevrier-2001","category-journal"],"_links":{"self":[{"href":"https:\/\/unfilm.org\/index.php?rest_route=\/wp\/v2\/posts\/53","targetHints":{"allow":["GET"]}}],"collection":[{"href":"https:\/\/unfilm.org\/index.php?rest_route=\/wp\/v2\/posts"}],"about":[{"href":"https:\/\/unfilm.org\/index.php?rest_route=\/wp\/v2\/types\/post"}],"author":[{"embeddable":true,"href":"https:\/\/unfilm.org\/index.php?rest_route=\/wp\/v2\/users\/1"}],"replies":[{"embeddable":true,"href":"https:\/\/unfilm.org\/index.php?rest_route=%2Fwp%2Fv2%2Fcomments&post=53"}],"version-history":[{"count":0,"href":"https:\/\/unfilm.org\/index.php?rest_route=\/wp\/v2\/posts\/53\/revisions"}],"wp:attachment":[{"href":"https:\/\/unfilm.org\/index.php?rest_route=%2Fwp%2Fv2%2Fmedia&parent=53"}],"wp:term":[{"taxonomy":"category","embeddable":true,"href":"https:\/\/unfilm.org\/index.php?rest_route=%2Fwp%2Fv2%2Fcategories&post=53"},{"taxonomy":"post_tag","embeddable":true,"href":"https:\/\/unfilm.org\/index.php?rest_route=%2Fwp%2Fv2%2Ftags&post=53"}],"curies":[{"name":"wp","href":"https:\/\/api.w.org\/{rel}","templated":true}]}}