{"id":267,"date":"2016-03-17T15:19:51","date_gmt":"2016-03-17T14:19:51","guid":{"rendered":"http:\/\/localhost\/journal\/?p=202"},"modified":"2017-02-28T14:39:55","modified_gmt":"2017-02-28T14:39:55","slug":"240100-2","status":"publish","type":"post","link":"https:\/\/unfilm.org\/?p=267","title":{"rendered":"15\/01\/00"},"content":{"rendered":"<p style=\"text-align: justify;\"><strong>La bataille de Toulouse: <\/strong><\/p>\n<p style=\"text-align: justify;\"><strong>le 15 janvier 2000<\/strong><\/p>\n<p style=\"text-align: justify;\">Le monde associatif \u00ab\u00a0militant-alternatif\u00a0\u00bb entre en \u00e9bullition,\u00a0 bient\u00f4t 2001, la Mairie de Toulouse est \u00e0 prendre. Enfin, pas vraiment, mais ce sera peut-\u00eatre l&rsquo;occasion de se faire entendre, de peser sur les politiques, les espoirs les plus fous sont permis\u2026<\/p>\n<p style=\"text-align: justify;\">Le temps est donc aux pr\u00e9paratifs avant la bataille. Des r\u00e9unions plus ou moins formelles se tiennent d\u00e9j\u00e0 dans la ville rose. Et la rumeur grandit: \u00ab\u00a0il para\u00eet que tel assoce s&rsquo;est r\u00e9unie avec plusieurs autres pour commencer \u00e0 se mettre d&rsquo;accord, sur une strat\u00e9gi\u2026\u00a0\u00bb<br \/>\n(<em>Euh&#8230; peut-\u00eatre que l\u00e0 j&rsquo;ai salement anticip\u00e9, parce que pour le moment c&rsquo;est assez calme)<\/em><\/p>\n<p style=\"text-align: justify;\">Mon propos est de suivre ce mouvement au plus pr\u00e8s, pendant la p\u00e9riode qui s&rsquo;ouvre, et qui se terminera\u00a0 quelques mois apr\u00e8s les \u00e9lections municipales.<\/p>\n<p style=\"text-align: justify;\">Le suivi de cette aventure sera surtout le pr\u00e9texte \u00e0 sonder les pratiques militantes, \u00e0 les confronter, et \u00e0 poser la question du militantisme aujourd&rsquo;hui, de ses forces (capacit\u00e9 ponctuelle \u00e0 mobiliser, \u00e0 s&rsquo;organiser spontan\u00e9ment en de multiples structures), mais aussi de ses maladies (manque dramatique de militants actifs, incapacit\u00e9, \u00e0 g\u00e9rer l&rsquo;\u00e9nergie militante, \u00e0 capitaliser les exp\u00e9riences, \u00e0 asseoir des r\u00e9seaux\u2026 et surtout \u00e0 analyser ses propres pratiques).<\/p>\n<p style=\"text-align: justify;\">Au del\u00e0 de la situation militante toulousaine, il s&rsquo;agit de traiter de la question du militantisme en soit, mais pas seulement.<\/p>\n<p style=\"text-align: justify;\">Les questions de la repr\u00e9sentativit\u00e9, et au-del\u00e0 de la d\u00e9mocratie, doivent \u00eatre abord\u00e9es.<\/p>\n<p style=\"text-align: justify;\">Quelques\u00a0 points dans le d\u00e9sordre:<\/p>\n<p style=\"text-align: justify;\">&#8211; Ca commence par quelques gens\u00a0 qui se r\u00e9unissent et r\u00e9fl\u00e9chissent ensemble. Mais savons nous encore le faire ? Dans les ann\u00e9es 50\/60 des mouvements d&rsquo;\u00e9ducation populaire d\u00e9livraient\u00a0 cet apprentissage, qu&rsquo;en est-il aujourd&rsquo;hui ?<\/p>\n<p style=\"text-align: justify;\">&#8211; Combien de r\u00e9unions qui tournent au bavardage st\u00e9rile, illusoire, combien de militants d\u00e9mobilis\u00e9s du fait m\u00eame des pratiques des associations\u00a0 qui appellent \u00e0 cette m\u00eame mobilisation ?<\/p>\n<p style=\"text-align: justify;\">&#8211; Aujourd&rsquo;hui,\u00a0 pour \u00eatre un citoyen cons\u00e9quent, il faudrait pouvoir militer dans 15 associations diff\u00e9rentes\u2026<\/p>\n<p style=\"text-align: justify;\">&#8211; Que signifie ce morcellement, cette atomisation du militantisme, chaque association g\u00e8re son pr\u00e9 carr\u00e9, qui, l\u2019antiracisme, qui, le ch\u00f4mage, qui, le v\u00e9lo, etc.. Chaque jour, une association na\u00eet pour mobiliser les gens sur une question fondamentale mais compl\u00e8tement parcellaire&#8230;<\/p>\n<p style=\"text-align: justify;\">&#8211; Quand la formation au militantisme n&rsquo;est plus assur\u00e9e par les grands mouvements d&rsquo;\u00e9ducation populaire. Quand nous avons un mal fou \u00e0 \u00e9crire un simple compte &#8211; rendu de r\u00e9union\u2026 \u00e0 respecter un ordre du jour&#8230;<\/p>\n<p style=\"text-align: justify;\">&#8211; Bien plus important que les grands chantiers pr\u00e9sidentiels et autres grands projets, celui de la d\u00e9mocratie ne devrait-il pas \u00eatre le premier\u00a0?<\/p>\n<p style=\"text-align: justify;\">&#8211; Et puis il y a les \u00ab\u00a0nouvelles technologies\u00a0\u00bb qui devraient\u00a0 faciliter les \u00e9changes d&rsquo;infos, l\u2019intelligence collective, et qui \u00e0 la fois est une v\u00e9ritable OPA des march\u00e9s sur la pens\u00e9e autonome&#8230; Sans compter qu&rsquo;une fois de plus c&rsquo;est la prime aux nantis&#8230; Les exclus n&rsquo;auront jamais un vrai acc\u00e8s \u00e0 l\u2019Internet.<\/p>\n<p style=\"text-align: justify;\">&#8211; Et le temps semble s&rsquo;acc\u00e9l\u00e9rer, et ne nous permets plus d&rsquo;\u00eatre pr\u00e9sent \u00e0 nous-m\u00eame, alors comment \u00eatre \u00ab\u00a0repr\u00e9sent\u00e9\u00a0\u00bb par des \u00e9lus quelconques..?<\/p>\n<p style=\"text-align: justify;\">&#8211; Allons-nous laisser la d\u00e9mocratie \u00e0 des professionnels? (ONG, Lobby) ???<\/p>\n<p style=\"text-align: justify;\"><em>L\u00e0, va falloir conclure&#8230;<\/em><\/p>\n<p style=\"text-align: justify;\"><strong>Que faire de ce texte\u00a0? <\/strong><\/p>\n","protected":false},"excerpt":{"rendered":"<p>La bataille de Toulouse: le 15 janvier 2000 Le monde associatif \u00ab\u00a0militant-alternatif\u00a0\u00bb entre en \u00e9bullition,\u00a0 bient\u00f4t 2001, la Mairie de Toulouse est \u00e0 prendre. Enfin, pas vraiment, mais ce sera peut-\u00eatre l&rsquo;occasion de se faire entendre, de peser sur les<\/p>\n","protected":false},"author":1,"featured_media":470,"comment_status":"open","ping_status":"open","sticky":false,"template":"","format":"standard","meta":{"footnotes":""},"categories":[12,11],"tags":[],"class_list":["post-267","post","type-post","status-publish","format-standard","has-post-thumbnail","hentry","category-1er-trimestre-2000","category-journal"],"_links":{"self":[{"href":"https:\/\/unfilm.org\/index.php?rest_route=\/wp\/v2\/posts\/267","targetHints":{"allow":["GET"]}}],"collection":[{"href":"https:\/\/unfilm.org\/index.php?rest_route=\/wp\/v2\/posts"}],"about":[{"href":"https:\/\/unfilm.org\/index.php?rest_route=\/wp\/v2\/types\/post"}],"author":[{"embeddable":true,"href":"https:\/\/unfilm.org\/index.php?rest_route=\/wp\/v2\/users\/1"}],"replies":[{"embeddable":true,"href":"https:\/\/unfilm.org\/index.php?rest_route=%2Fwp%2Fv2%2Fcomments&post=267"}],"version-history":[{"count":1,"href":"https:\/\/unfilm.org\/index.php?rest_route=\/wp\/v2\/posts\/267\/revisions"}],"predecessor-version":[{"id":471,"href":"https:\/\/unfilm.org\/index.php?rest_route=\/wp\/v2\/posts\/267\/revisions\/471"}],"wp:featuredmedia":[{"embeddable":true,"href":"https:\/\/unfilm.org\/index.php?rest_route=\/wp\/v2\/media\/470"}],"wp:attachment":[{"href":"https:\/\/unfilm.org\/index.php?rest_route=%2Fwp%2Fv2%2Fmedia&parent=267"}],"wp:term":[{"taxonomy":"category","embeddable":true,"href":"https:\/\/unfilm.org\/index.php?rest_route=%2Fwp%2Fv2%2Fcategories&post=267"},{"taxonomy":"post_tag","embeddable":true,"href":"https:\/\/unfilm.org\/index.php?rest_route=%2Fwp%2Fv2%2Ftags&post=267"}],"curies":[{"name":"wp","href":"https:\/\/api.w.org\/{rel}","templated":true}]}}