{"id":263,"date":"2016-03-17T15:15:48","date_gmt":"2016-03-17T14:15:48","guid":{"rendered":"http:\/\/localhost\/journal\/?p=193"},"modified":"2017-02-28T14:46:24","modified_gmt":"2017-02-28T14:46:24","slug":"280100","status":"publish","type":"post","link":"https:\/\/unfilm.org\/?p=263","title":{"rendered":"28\/01\/00"},"content":{"rendered":"<p style=\"text-align: justify;\">Au niveau actu, Baudis ne se repr\u00e9sente pas, ce serait Douste Blazy. R\u00e9union au Casc, une dizaine d&rsquo;assos \u00e9taient l\u00e0 et se pr\u00e9sentaient. On voudrait adh\u00e9rer \u00e0 toutes. Les labels, et les projets vertigineux essayent de masquer la d\u00e9mobilisation latente&#8230; personne n&rsquo;a \u00e9voqu\u00e9 2001, il se peut que mon projet bas\u00e9 sur \u00ab\u00a0un front organis\u00e9\u00a0\u00bb doive \u00eatre r\u00e9orient\u00e9. C&rsquo;est la question de la citoyennet\u00e9 militante que je dois traiter quoiqu&rsquo;il arrive.<\/p>\n<p style=\"text-align: justify;\">Certains ont \u00e9voqu\u00e9 le Cedired comme un \u00e9pisode douloureux. Il y a l&rsquo;aspect du \u00ab\u00a0turn over\u00a0\u00bb des militants qui est assez sp\u00e9cifique. Attac en est un bel exemple.<br \/>\nCa me tente d\u2019avoir le regard de militants de tout \u00e2ge, et de tout niveau, qu&rsquo;ils se livrent \u00e0 un \u00e9tat des lieux de la militance aujourd&rsquo;hui. On est dans une p\u00e9riode de \u00ab\u00a0l&rsquo;impossible militance\u00a0\u00bb. On pourrait aussi parler de la consommation militante, \u00e7a fait chic d&rsquo;\u00eatre \u00e0 Attac, en payant une cotisation on consomme un peu de \u00ab\u00a0sens\u00a0\u00bb \u00e7a fait du bien&#8230; Mais comme dans toute consommation, \u00e7a s&rsquo;use, et il faut donc en consommer d&rsquo;autres, et comme par hasard dans la boite aux lettres, un \u00ab\u00a0pub\u00a0\u00bb pour Amnesty, et comme en plus ils ont fait un super concert \u00e0 Paris, avec Bruce Springsteen. La mobilisation par le haut semble assez catastrophique, vu du bas.<\/p>\n","protected":false},"excerpt":{"rendered":"<p>Au niveau actu, Baudis ne se repr\u00e9sente pas, ce serait Douste Blazy. R\u00e9union au Casc, une dizaine d&rsquo;assos \u00e9taient l\u00e0 et se pr\u00e9sentaient. On voudrait adh\u00e9rer \u00e0 toutes. Les labels, et les projets vertigineux essayent de masquer la d\u00e9mobilisation latente&#8230;<\/p>\n","protected":false},"author":1,"featured_media":470,"comment_status":"open","ping_status":"open","sticky":false,"template":"","format":"standard","meta":{"footnotes":""},"categories":[12,11],"tags":[],"class_list":["post-263","post","type-post","status-publish","format-standard","has-post-thumbnail","hentry","category-1er-trimestre-2000","category-journal"],"_links":{"self":[{"href":"https:\/\/unfilm.org\/index.php?rest_route=\/wp\/v2\/posts\/263","targetHints":{"allow":["GET"]}}],"collection":[{"href":"https:\/\/unfilm.org\/index.php?rest_route=\/wp\/v2\/posts"}],"about":[{"href":"https:\/\/unfilm.org\/index.php?rest_route=\/wp\/v2\/types\/post"}],"author":[{"embeddable":true,"href":"https:\/\/unfilm.org\/index.php?rest_route=\/wp\/v2\/users\/1"}],"replies":[{"embeddable":true,"href":"https:\/\/unfilm.org\/index.php?rest_route=%2Fwp%2Fv2%2Fcomments&post=263"}],"version-history":[{"count":1,"href":"https:\/\/unfilm.org\/index.php?rest_route=\/wp\/v2\/posts\/263\/revisions"}],"predecessor-version":[{"id":475,"href":"https:\/\/unfilm.org\/index.php?rest_route=\/wp\/v2\/posts\/263\/revisions\/475"}],"wp:featuredmedia":[{"embeddable":true,"href":"https:\/\/unfilm.org\/index.php?rest_route=\/wp\/v2\/media\/470"}],"wp:attachment":[{"href":"https:\/\/unfilm.org\/index.php?rest_route=%2Fwp%2Fv2%2Fmedia&parent=263"}],"wp:term":[{"taxonomy":"category","embeddable":true,"href":"https:\/\/unfilm.org\/index.php?rest_route=%2Fwp%2Fv2%2Fcategories&post=263"},{"taxonomy":"post_tag","embeddable":true,"href":"https:\/\/unfilm.org\/index.php?rest_route=%2Fwp%2Fv2%2Ftags&post=263"}],"curies":[{"name":"wp","href":"https:\/\/api.w.org\/{rel}","templated":true}]}}