{"id":242,"date":"2016-03-17T14:50:44","date_gmt":"2016-03-17T13:50:44","guid":{"rendered":"http:\/\/localhost\/journal\/?p=141"},"modified":"2016-03-17T14:50:44","modified_gmt":"2016-03-17T13:50:44","slug":"300900","status":"publish","type":"post","link":"https:\/\/unfilm.org\/?p=242","title":{"rendered":"30\/09\/00"},"content":{"rendered":"<p style=\"text-align: justify;\">Semaine, agit\u00e9e. Mon commentaire sur le film de J-L. G., n&rsquo;a pas laiss\u00e9 indiff\u00e9rent ni J-L. G., ni M. B.. En relisant ce que j&rsquo;ai \u00e9crit, je ne suis pas particuli\u00e8rement fier de la violence du texte, et je suis pr\u00eat \u00e0 retirer quelques mots excessifs (\u00ab\u00a0ignoble, sans courage\u00a0\u00bb), ainsi que le paternalisme inconscient qu&rsquo;il y a dans le mot \u00ab\u00a0bonhomme\u00a0\u00bb toutefois, sur le fond je maintiens ce que je pense. Je n&rsquo;ai pas encore eu le temps de revoir la cassette.<\/p>\n<p style=\"text-align: justify;\">J-L. G. me reproche d&rsquo;avoir publi\u00e9 \u00e7a sans en avoir parl\u00e9, auparavant, avec lui.<\/p>\n<p style=\"text-align: justify;\">Il me semble que c&rsquo;est tout \u00e0 fait mon droit.<\/p>\n<p style=\"text-align: justify;\">Bon, il y aurait beaucoup de choses \u00e0 dire \u00e0 ce sujet, en tout cas \u00e7a me fait r\u00e9fl\u00e9chir \u00e0 plein de choses.<\/p>\n<p style=\"text-align: justify;\">F\u00eate de la LCR. Ca faisait une \u00e9ternit\u00e9 que je ne m&rsquo;\u00e9tais pas retrouv\u00e9 dans un tel lieu.<\/p>\n<p style=\"text-align: justify;\">Il y avait un stand de LO, \u00e0 qui j&rsquo;ai renouvel\u00e9 ma demande de rencontre, le lendemain j&rsquo;avais un coup de fil avec promesse de reprise de contact&#8230;<\/p>\n<p style=\"text-align: justify;\">A 15h \u00ab\u00a0Caf\u00e9 litt\u00e9raire\u00a0\u00bb, une des vedettes, Daniel Mermet, n&rsquo;avait pu venir&#8230; Les intervenants n&rsquo;avaient pas grand chose de litt\u00e9raire, mais c&rsquo;est vrai que \u00e7a se passait dans un caf\u00e9. On a eu droit comme d&rsquo;hab \u00e0 un expos\u00e9 assez long de chacun, et puis apr\u00e8s aux questions de la salle. Avec un th\u00e8me bateau du genre \u00ab\u00a0comment va le monde?\u00a0\u00bb chaque intervenant pouvait vraiment raconter ce qu&rsquo;il voulait. Aucune animation r\u00e9elle du d\u00e9bat par qui que ce soit, bref de l&rsquo;archi classique, la salle \u00e9tait pleine.<\/p>\n<p style=\"text-align: justify;\">J&rsquo;essaye de ramasser des plans o\u00f9 ils parlent de la question du militantisme, de que faire aujourd\u2019hui, de comment faire. Et quand ces questions sont timidement reprises par la salle, les r\u00e9ponses des intervenants sont tr\u00e8s succinctes.<\/p>\n<p style=\"text-align: justify;\">Il y a toujours ce probl\u00e8me du temps de d\u00e9clenchement de la cam\u00e9ra, qui me fait parfois perdre des d\u00e9buts d&rsquo;interventions, mais c&rsquo;est difficile d&rsquo;anticiper, et je ne peux pas tout filmer.<\/p>\n<p style=\"text-align: justify;\">Et puis \u00e0 18 heures, il y a le \u00ab\u00a0meeting\u00a0\u00bb. Je ne savais pas que \u00e7a existait encore. Avec le public en bas, dans l&rsquo;ombre, et les leaders en haut sous les projecteurs. Et l&rsquo;Internationale, maladroite, \u00e0 la fin.<\/p>\n<p style=\"text-align: justify;\">Fr\u00e9deric Borras annonce qu&rsquo;il n&rsquo;y a toujours pas d&rsquo;accord avec Tactik. (Je vais essayer de mettre sa d\u00e9claration en ligne&#8230;)<\/p>\n<p style=\"text-align: justify;\">Les femmes ne semblent pas lever le poing de la m\u00eame fa\u00e7on que les hommes.<\/p>\n<p style=\"text-align: justify;\">La aussi l\u00e0 salle \u00e9tait pleine: 250 personnes.<\/p>\n<p style=\"text-align: justify;\">Faut pas que je perde de vue mes fils, le fil conducteur des \u00e9lections municipales, mais qui n&rsquo;est qu&rsquo;anecdotique, et les autres qui sont bien plus importants, o\u00f9 en est le militantisme, sait-on encore militer, quelle crise du militantisme, et pourquoi.<\/p>\n<p style=\"text-align: justify;\">A entendre samedi Daniel Bensa\u00efd et Alain Krivine, tout d&rsquo;un coup j&rsquo;ai eu ce sentiment qu&rsquo;il n&rsquo;y avait plus du tout de crise du militantisme&#8230;<\/p>\n<p style=\"text-align: justify;\">Le tribun, \u00e0 la tribune, c&rsquo;est quand m\u00eame quelque chose. Je ne me rappelais plus. Je m&rsquo;\u00e9tonne qu&rsquo;on puisse encore avoir recours \u00e0 ce genre de dispositif, et \u00e7a marche! Moi en sortant j&rsquo;\u00e9tais sous hypnose, \u00e0 deux doigt d&rsquo;adh\u00e9rer \u00e0 la LCR, non je plaisante&#8230;<\/p>\n<p style=\"text-align: justify;\">Le 11 Octobre, ils ont une AG \u00e0 propos des municipales, je vais refaire une demande. Malgr\u00e9 les promesses de S. B., il me semble que je suis tenu \u00e0 l&rsquo;\u00e9cart par d\u00e9faut.<\/p>\n<ol style=\"text-align: justify;\">\n<li>B. me demande si je suis dehors ou dedans. Bonne question! J\u2019ai envie de r\u00e9pondre, les deux le plus possible. Mais c&rsquo;est vrai que je suis dehors, d&rsquo;abord, j&rsquo;en viens. Et je me sens dedans parce que je me sens de ce peuple l\u00e0, de celui qui pense que les choses peuvent, et doivent changer, et que la vie n&rsquo;a de sens, que comme \u00e7a.<\/li>\n<\/ol>\n<p style=\"text-align: justify;\">Je me sens dehors, parce que je ne m&rsquo;y retrouve pas dans ces formes militantes, masculines \u00e0 mort, incapable d&rsquo;analyser leurs propres pratiques, etc.<\/p>\n<p style=\"text-align: justify;\">Filmer dans cette position l\u00e0 est tr\u00e8s inconfortable, et en g\u00e9n\u00e9ral, non admise, mais bon je n&rsquo;en suis plus \u00e0 \u00e7a pr\u00e8s&#8230; Il reste que la question est loin d&rsquo;\u00eatre r\u00e9solue pour moi, que c&rsquo;est un \u00e9quilibre \u00e0 retravailler \u00e0 chaque fois. J&rsquo;ai cette chance d&rsquo;avoir des amis qui m&rsquo;interpellent sur ce genre de question!<\/p>\n<p style=\"text-align: justify;\">Le 9 R\u00e9union chez Mix\u2019art du collectif interculturel<\/p>\n<p style=\"text-align: justify;\">Le 11 LCR?<\/p>\n<p style=\"text-align: justify;\">Le 18 AG liste 100% &#8211; motiv\u00e9-e-s.<\/p>\n<p style=\"text-align: justify;\">\n","protected":false},"excerpt":{"rendered":"<p>Semaine, agit\u00e9e. Mon commentaire sur le film de J-L. G., n&rsquo;a pas laiss\u00e9 indiff\u00e9rent ni J-L. G., ni M. B.. En relisant ce que j&rsquo;ai \u00e9crit, je ne suis pas particuli\u00e8rement fier de la violence du texte, et je suis<\/p>\n","protected":false},"author":1,"featured_media":0,"comment_status":"open","ping_status":"open","sticky":false,"template":"","format":"standard","meta":{"footnotes":""},"categories":[14,11],"tags":[],"class_list":["post-242","post","type-post","status-publish","format-standard","hentry","category-3-eme-trimestre-2000","category-journal"],"_links":{"self":[{"href":"https:\/\/unfilm.org\/index.php?rest_route=\/wp\/v2\/posts\/242","targetHints":{"allow":["GET"]}}],"collection":[{"href":"https:\/\/unfilm.org\/index.php?rest_route=\/wp\/v2\/posts"}],"about":[{"href":"https:\/\/unfilm.org\/index.php?rest_route=\/wp\/v2\/types\/post"}],"author":[{"embeddable":true,"href":"https:\/\/unfilm.org\/index.php?rest_route=\/wp\/v2\/users\/1"}],"replies":[{"embeddable":true,"href":"https:\/\/unfilm.org\/index.php?rest_route=%2Fwp%2Fv2%2Fcomments&post=242"}],"version-history":[{"count":0,"href":"https:\/\/unfilm.org\/index.php?rest_route=\/wp\/v2\/posts\/242\/revisions"}],"wp:attachment":[{"href":"https:\/\/unfilm.org\/index.php?rest_route=%2Fwp%2Fv2%2Fmedia&parent=242"}],"wp:term":[{"taxonomy":"category","embeddable":true,"href":"https:\/\/unfilm.org\/index.php?rest_route=%2Fwp%2Fv2%2Fcategories&post=242"},{"taxonomy":"post_tag","embeddable":true,"href":"https:\/\/unfilm.org\/index.php?rest_route=%2Fwp%2Fv2%2Ftags&post=242"}],"curies":[{"name":"wp","href":"https:\/\/api.w.org\/{rel}","templated":true}]}}