{"id":238,"date":"2016-03-17T14:46:49","date_gmt":"2016-03-17T13:46:49","guid":{"rendered":"http:\/\/localhost\/journal\/?p=132"},"modified":"2016-03-17T14:46:49","modified_gmt":"2016-03-17T13:46:49","slug":"201000","status":"publish","type":"post","link":"https:\/\/unfilm.org\/?p=238","title":{"rendered":"20\/10\/00"},"content":{"rendered":"<p style=\"text-align: justify;\">Cette semaine, j&rsquo;ai film\u00e9 l&rsquo;AG de Motiv\u00e9-es, et la conf. de presse de 100% \u00e0 gauche.<\/p>\n<p style=\"text-align: justify;\">Je crois que je commence \u00e0 me faire accepter de part et d&rsquo;autre. P. C. qui \u00e9tait \u00e0 l&rsquo;AG est \u00e9nerv\u00e9 de me voir plant\u00e9 l\u00e0 dans un coin, la cam\u00e9ra sur pied. Il trouve que je devrais me balader cam\u00e9ra \u00e0 l&rsquo;\u00e9paule.<\/p>\n<p style=\"text-align: justify;\">A cela deux r\u00e9ponses\u00a0:<\/p>\n<p style=\"text-align: justify;\">1) Je suis dans une phase d&rsquo;approche, o\u00f9 en bougeant trop pendant les r\u00e9unions, j&rsquo;attire l&rsquo;attention sur moi, et je passe pour un g\u00eaneur.<\/p>\n<p style=\"text-align: justify;\">2) Dans une r\u00e9union de 80 personnes, sur pied, je peux aller chercher des interventions assez loin avec le t\u00e9l\u00e9objectif, ce qui est impossible \u00e0 l&rsquo;\u00e9paule.<\/p>\n<p style=\"text-align: justify;\">\n<p style=\"text-align: justify;\">Il faut que je trouve la bonne distance avec ceux que je filme. Naturellement, je me sens proche, solidaire, na\u00eet une esp\u00e8ce d&#8217;empathie. Je la sens venir, et je la crains \u00e0 la fois.<\/p>\n<p style=\"text-align: justify;\">Je dois \u00eatre proche des gens pour pouvoir les filmer de pr\u00e8s, et en m\u00eame temps garder une distance critique.<\/p>\n<p style=\"text-align: justify;\">Avec le temps les sympathies naissent, la distance critique s&rsquo;endort, et je me fais prendre. C&rsquo;est ce que j&rsquo;ai ressenti dans certains films que j&rsquo;ai fait, o\u00f9 je ne pouvais plus \u00e9voquer les contradictions que je voyais, craignant de porter atteinte \u00e0 une relation affective (et souvent fantasmatique) qui s&rsquo;\u00e9tait d\u00e9velopp\u00e9 tout au long du tournage.<\/p>\n<p style=\"text-align: justify;\">L\u00e0 c&rsquo;est S. B. de la LCR qui me demande si je pourrais tirer des photos de ce que j&rsquo;ai film\u00e9 pendant la f\u00eate de la LCR. Je m&rsquo;ex\u00e9cute, pensant mettre de l&rsquo;huile dans les rouages de nos relations. Or ils vont prendre une des photos pour leur campagne. Et Aline Pailler, \u00e0 qui je n&rsquo;ai jamais adress\u00e9 la parole, me remercie pour la photo.<\/p>\n<p style=\"text-align: justify;\">Je me sens propuls\u00e9 dans un cercle o\u00f9 je ne me sens pas tout \u00e0 fait \u00e0 ma place.<\/p>\n<p style=\"text-align: justify;\">Bon c&rsquo;est un peu tordu tout \u00e7a.<\/p>\n<p style=\"text-align: justify;\">Trouver la position juste, que ce soit derri\u00e8re la cam\u00e9ra, ou dans les relations directes&#8230; Ne pas chercher dans la fusion (compassion, empathie, copinage, voir racolage) avec ce qu&rsquo;on filme une soulagement \u00e0 la douleur de l&rsquo;interrogation de comment on filme, pourquoi, etc.<\/p>\n<p style=\"text-align: justify;\">Je suis frapp\u00e9 de part et d&rsquo;autre, de l&rsquo;incapacit\u00e9 a r\u00e9ellement inventer quoique ce soit, et surtout pas le rapport aux m\u00e9dias&#8230;Dans les deux conf\u00e9rences de presse, le rapport aux journalistes est fait de beaucoup de copinage, les journalistes sont pris comme des confesseurs, sans aucun recul.<\/p>\n<p style=\"text-align: justify;\">La s\u00e9ance photo pour la d\u00e9p\u00eache d&rsquo;AP et FB c&rsquo;\u00e9tait guignol et compagnie. Comment A. P. qui a fait de longues ann\u00e9es de t\u00e9l\u00e9, n&rsquo;a pas r\u00e9fl\u00e9chi sur ce qu&rsquo;\u00e9tait l&rsquo;image, son contenu politique. Son seul souci est qu&rsquo;elle ne soit pas trop moche. Politiquement, c&rsquo;est un peu court!<\/p>\n<p style=\"text-align: justify;\">En sortant de l&rsquo;AG, en discutant avec D. P. qui fait le son avec moi, il nous semble qu&rsquo;ils auraient d\u00fb se mettre au boulot un an avant, que tout est trop tard. En passant devant des immeubles, il me dit \u00ab\u00a0 Et les gens qui habitent l\u00e0 haut, c&rsquo;est eux, qui vont les contacter?\u00a0\u00bb. Il est 23h \u00e0 Rangueil, Toulouse semble bien grand et l&rsquo;AG bien minuscule.<\/p>\n<p style=\"text-align: justify;\">Tiens, en essayant de chercher des \u00e9l\u00e9ments sur le site de la D\u00e9p\u00eache, j&rsquo;apprends que les Verts font liste s\u00e9par\u00e9e au premier tour.<\/p>\n<p style=\"text-align: justify;\">\n","protected":false},"excerpt":{"rendered":"<p>Cette semaine, j&rsquo;ai film\u00e9 l&rsquo;AG de Motiv\u00e9-es, et la conf. de presse de 100% \u00e0 gauche. Je crois que je commence \u00e0 me faire accepter de part et d&rsquo;autre. P. C. qui \u00e9tait \u00e0 l&rsquo;AG est \u00e9nerv\u00e9 de me voir<\/p>\n","protected":false},"author":1,"featured_media":0,"comment_status":"open","ping_status":"open","sticky":false,"template":"","format":"standard","meta":{"footnotes":""},"categories":[15,11],"tags":[],"class_list":["post-238","post","type-post","status-publish","format-standard","hentry","category-4eme-trimestre-2000","category-journal"],"_links":{"self":[{"href":"https:\/\/unfilm.org\/index.php?rest_route=\/wp\/v2\/posts\/238","targetHints":{"allow":["GET"]}}],"collection":[{"href":"https:\/\/unfilm.org\/index.php?rest_route=\/wp\/v2\/posts"}],"about":[{"href":"https:\/\/unfilm.org\/index.php?rest_route=\/wp\/v2\/types\/post"}],"author":[{"embeddable":true,"href":"https:\/\/unfilm.org\/index.php?rest_route=\/wp\/v2\/users\/1"}],"replies":[{"embeddable":true,"href":"https:\/\/unfilm.org\/index.php?rest_route=%2Fwp%2Fv2%2Fcomments&post=238"}],"version-history":[{"count":0,"href":"https:\/\/unfilm.org\/index.php?rest_route=\/wp\/v2\/posts\/238\/revisions"}],"wp:attachment":[{"href":"https:\/\/unfilm.org\/index.php?rest_route=%2Fwp%2Fv2%2Fmedia&parent=238"}],"wp:term":[{"taxonomy":"category","embeddable":true,"href":"https:\/\/unfilm.org\/index.php?rest_route=%2Fwp%2Fv2%2Fcategories&post=238"},{"taxonomy":"post_tag","embeddable":true,"href":"https:\/\/unfilm.org\/index.php?rest_route=%2Fwp%2Fv2%2Ftags&post=238"}],"curies":[{"name":"wp","href":"https:\/\/api.w.org\/{rel}","templated":true}]}}