{"id":236,"date":"2016-03-17T14:45:02","date_gmt":"2016-03-17T13:45:02","guid":{"rendered":"http:\/\/localhost\/journal\/?p=128"},"modified":"2016-03-17T14:45:02","modified_gmt":"2016-03-17T13:45:02","slug":"061100","status":"publish","type":"post","link":"https:\/\/unfilm.org\/?p=236","title":{"rendered":"06\/11\/00"},"content":{"rendered":"<p style=\"text-align: justify;\">\u00a0J&rsquo;ai \u00e9t\u00e9 filmer samedi la LCR pour sa r\u00e9union de travail sur les th\u00e8mes de la campagne. On se demande o\u00f9 est l&rsquo;ouverture? L&rsquo;id\u00e9e c&rsquo;est quand m\u00eame \u00ab\u00a0une liste ouverte soutenue par la LCR\u00a0\u00bb. C&rsquo;est sacr\u00e9ment limite. C&rsquo;est la LCR qui cadre tout, qui dit en gros \u00e0 partir de quoi il faut penser, qui drive les r\u00e9unions, les commissions.<\/p>\n<p style=\"text-align: justify;\">Ils montent \u00e0 Paris pour un congr\u00e8s LCR \u00e0 propos des municipales&#8230;<\/p>\n<p style=\"text-align: justify;\">Reste que je me sens proche de ces gens, et c&rsquo;est ce qui me g\u00eane quand je filme. Je pense aux probl\u00e8mes techniques, le son, le cadre, etc. en m\u00eame temps je r\u00e9fl\u00e9chis sur la pertinence de ce que je filme par rapport au film que je fais (mais au fait quel film, je fais?) et en m\u00eame temps je r\u00e9fl\u00e9chis sur le fond de ce qui est dit l\u00e0 devant moi, en quoi je suis d&rsquo;accord ou pas. Ca c&rsquo;est tr\u00e8s fatiguant !!! Et en prime j&rsquo;essaye de comprendre les motivations de celui qui parle, partant toujours du principe que l&rsquo;id\u00e9ologie n&rsquo;est qu&rsquo;un masque autobiographique et toc..!<\/p>\n<p style=\"text-align: justify;\">A la pose de midi, \u00e7a a \u00e9t\u00e9 l&rsquo;occasion de discuter avec quelques-uns. Je suis toujours \u00e9tonn\u00e9 de l&rsquo;\u00e9cart de ce que les gens sont en r\u00e9union, qui plus est s\u2019ils sont \u00e0 la tribune, avec ce qu&rsquo;ils sont en face \u00e0 face.<\/p>\n<p style=\"text-align: justify;\">Un mec comme Lucien semble un gars sensible et tout en face \u00e0 face, puis une fois qu&rsquo;il est \u00e0 la tribune, ou en r\u00e9union, il a quelque chose de dur, de triste dans le regard.<\/p>\n<p style=\"text-align: justify;\">Le fait de jouer sur une personne, ici Aline Pailler, me g\u00eane terriblement, mais ne semble g\u00eaner personne.<\/p>\n<p style=\"text-align: justify;\">En face, \u00e0 c\u00f4t\u00e9 plut\u00f4t, ils feront la m\u00eame chose avec Salah Amokrane.<\/p>\n<p style=\"text-align: justify;\">Je suis aussi surpris par le fait qu&rsquo;il y ai des commissions \u00ab\u00a0d\u00e9mocratie participative\u00a0\u00bb. C&rsquo;est d&rsquo;une certaine fa\u00e7on le sujet de mon film, mais que je n&rsquo;avais pas envisag\u00e9 de traiter sous cet angle, Il y a un c\u00f4t\u00e9 poup\u00e9e gigogne qui me demande de reconsid\u00e9rer la structure du film. Bizarre! Je pensais traiter la question en off, d&rsquo;une certaine fa\u00e7on, et elle l\u00e0 en in!<\/p>\n<p style=\"text-align: justify;\">Ca parle l\u00e0 de ce que je voulais parler, mais pas avec la profondeur avec laquelle j&rsquo;aimerais que ce soit fait, c&rsquo;est \u00e0 dire en remettant en cause ses propres pratiques.<\/p>\n<p style=\"text-align: justify;\">\n<p style=\"text-align: justify;\"><strong>\u00a0<\/strong><\/p>\n","protected":false},"excerpt":{"rendered":"<p>\u00a0J&rsquo;ai \u00e9t\u00e9 filmer samedi la LCR pour sa r\u00e9union de travail sur les th\u00e8mes de la campagne. On se demande o\u00f9 est l&rsquo;ouverture? L&rsquo;id\u00e9e c&rsquo;est quand m\u00eame \u00ab\u00a0une liste ouverte soutenue par la LCR\u00a0\u00bb. C&rsquo;est sacr\u00e9ment limite. C&rsquo;est la LCR<\/p>\n","protected":false},"author":1,"featured_media":0,"comment_status":"open","ping_status":"open","sticky":false,"template":"","format":"standard","meta":{"footnotes":""},"categories":[15,11],"tags":[],"class_list":["post-236","post","type-post","status-publish","format-standard","hentry","category-4eme-trimestre-2000","category-journal"],"_links":{"self":[{"href":"https:\/\/unfilm.org\/index.php?rest_route=\/wp\/v2\/posts\/236","targetHints":{"allow":["GET"]}}],"collection":[{"href":"https:\/\/unfilm.org\/index.php?rest_route=\/wp\/v2\/posts"}],"about":[{"href":"https:\/\/unfilm.org\/index.php?rest_route=\/wp\/v2\/types\/post"}],"author":[{"embeddable":true,"href":"https:\/\/unfilm.org\/index.php?rest_route=\/wp\/v2\/users\/1"}],"replies":[{"embeddable":true,"href":"https:\/\/unfilm.org\/index.php?rest_route=%2Fwp%2Fv2%2Fcomments&post=236"}],"version-history":[{"count":0,"href":"https:\/\/unfilm.org\/index.php?rest_route=\/wp\/v2\/posts\/236\/revisions"}],"wp:attachment":[{"href":"https:\/\/unfilm.org\/index.php?rest_route=%2Fwp%2Fv2%2Fmedia&parent=236"}],"wp:term":[{"taxonomy":"category","embeddable":true,"href":"https:\/\/unfilm.org\/index.php?rest_route=%2Fwp%2Fv2%2Fcategories&post=236"},{"taxonomy":"post_tag","embeddable":true,"href":"https:\/\/unfilm.org\/index.php?rest_route=%2Fwp%2Fv2%2Ftags&post=236"}],"curies":[{"name":"wp","href":"https:\/\/api.w.org\/{rel}","templated":true}]}}