{"id":231,"date":"2016-03-17T14:40:12","date_gmt":"2016-03-17T13:40:12","guid":{"rendered":"http:\/\/localhost\/journal\/?p=114"},"modified":"2016-03-17T14:40:12","modified_gmt":"2016-03-17T13:40:12","slug":"221100","status":"publish","type":"post","link":"https:\/\/unfilm.org\/?p=231","title":{"rendered":"22\/11\/00"},"content":{"rendered":"<p style=\"text-align: justify;\">Hier deux r\u00e9unions \u00e0 la fois, j&rsquo;ai choisi Motiv\u00e9-e-s et son coll\u00e8ge d&rsquo;animation, pas mal de monde, les 4 filles \u00e9taient l\u00e0. Je fais toujours inconsciemment une balance entre eux et la LCR. Hier soir, j&rsquo;\u00e9tais pr\u00e8s \u00e0 laisser tomber la LCR. Je suis versatile. C&rsquo;est vrai que des deux c\u00f4t\u00e9s je ne m&rsquo;y retrouve pas, mais j&rsquo;ai l&rsquo;impression que chez Mot, on peut croire que des choses qui ne sont pas l\u00e0, peuvent \u00eatre apport\u00e9e par n&rsquo;importe qui, \u00e0 la LCR, j&rsquo;ai le sentiment que tout est b\u00e9tonn\u00e9. Reste que\u2026<\/p>\n<p style=\"text-align: justify;\">Aucune analyse de la fa\u00e7on dont l&rsquo;inauguration du local, s&rsquo;est pass\u00e9e. Aucun compte-rendu du rapport aux m\u00e9dias quand, Canal+ est quand m\u00eame descendu. Et puis l&rsquo;annonce par Salah d&rsquo;une s\u00e9rie d&rsquo;\u00e9v\u00e8nement autour de l&rsquo;arriv\u00e9e pendant deux jours de Daniel Mermet, et de son \u00e9mission \u00ab\u00a0L\u00e0 bas si j&rsquo;y suis\u00a0\u00bb avec une soir\u00e9e sp\u00e9ciale \u00e0 Utopia. Tout \u00e7a se fait \u00e0 l&rsquo;initiative du Tactik, et le coll\u00e8ge d&rsquo;animation suit sans discuter, \u00e9tonnant\u00a0!<\/p>\n<p style=\"text-align: justify;\">Et toujours cette incapacit\u00e9 de g\u00e9rer vraiment les r\u00e9unions. La seule technique \u00e0 peu pr\u00e8s au point, c&rsquo;est de g\u00e9rer le tour de parole. Et de fixer approximativement un ordre du jour. La gestion du temps de parole, du temps en g\u00e9n\u00e9ral n&rsquo;est jamais assur\u00e9e, r\u00e9sultat, la r\u00e9union commenc\u00e9e \u00e0 18h se termine vers 22 h, avec 50% des participants, sans compter, qu&rsquo;\u00e0 la fin on se dit qu&rsquo;on se reverra une heure avant l&rsquo;AG pour terminer la r\u00e9union.<\/p>\n<p style=\"text-align: justify;\">Ils demandent la d\u00e9mocratie participative, et ne sont pas capable de se l&rsquo;appliquer s\u00e9rieusement \u00e0 eux-m\u00eames. Bon l\u00e0 je radote.<\/p>\n<p style=\"text-align: justify;\">Reste que cette incapacit\u00e9 \u00e0 vraiment g\u00e9rer le d\u00e9bat risque avec le temps, la fatigue, les contradictions internes de faire des \u00e9tincelles.<\/p>\n<p style=\"text-align: justify;\">Hier soir, \u00e7a tournait autour des inscrits sur la liste, de la question du f\u00e9minisme, des relations entre les commissions et le coll\u00e8ge d&rsquo;animation, et quelques autres bricoles.<\/p>\n<ol style=\"text-align: justify;\">\n<li>me demande ce que c&rsquo;est que ce film, c&rsquo;est la premi\u00e8re fois qu&rsquo;on me pose la question r\u00e9ellement, et qu&rsquo;on s&rsquo;y int\u00e9resse, enfin il faut dire qu&rsquo;elle est du m\u00e9tier. Mais sans quoi, personne ne m&rsquo;a vraiment questionn\u00e9.<\/li>\n<\/ol>\n<p style=\"text-align: justify;\">\n<p style=\"text-align: justify;\"><em>MB m&rsquo;\u00e9crit\u00a0:<\/em><\/p>\n<p style=\"text-align: justify;\"><em>Tu n&rsquo;as pas encore choisi tes options ou ton fil (m) rouge. C&rsquo;est peut \u00eatre un peu t\u00f4t et certaines \u00e9vidences ne se sont pas encore vraiment impos\u00e9es.<\/em><\/p>\n<p style=\"text-align: justify;\"><em>Il faut peut \u00eatre arriver \u00e0 saturation pour que l&rsquo;\u00e9vidence s&rsquo;impose.<\/em><\/p>\n<p style=\"text-align: justify;\"><em>Je trouve que tout ce que tu filmes (et que tu \u00e9cris) fait sens.<\/em><\/p>\n<p style=\"text-align: justify;\"><em>Raconter comme tu le fais dans ton journal donne la structure narrative.<\/em><\/p>\n<p style=\"text-align: justify;\"><em>Alors des s\u00e9quences de reportage\/fiction ? A la mani\u00e8re du muet avec cartons \u00e0 feuilles de ch\u00eane? Ou encore ton alter ego et celui de D. P. par exemple, ou ton alter ego et J-L. G. ou un autre. Ou choisir une personne qui retraduirait ponctuellement et r\u00e9guli\u00e8rement ses impressions, militant impliqu\u00e9. M\u00ealer plusieurs voix est int\u00e9ressant. De la tienne \u00e0 celles d&rsquo;individualit\u00e9s ou du collectif. Et l\u00e0 tu fais une vraie\/fausse fiction.<\/em><\/p>\n<p style=\"text-align: justify;\"><em>Dans ce que tu retraduis il me manque la vision de base.<\/em><\/p>\n<p style=\"text-align: justify;\"><em>La tienne analyse bien ce qui se passe et d\u00e9monte plut\u00f4t bien les vieux ressorts de campagne, les postures faciles, convenues et parfois rou\u00e9es des uns et des autres. Mais o\u00f9 est l&rsquo;individu dans l&rsquo;histoire ? Noy\u00e9 dans la masse et aux prises avec le collectif. Il me manque des portraits. En temps r\u00e9el. Et pas seulement apr\u00e8s campagne comme tu l&rsquo;envisages.<\/em><\/p>\n<p style=\"text-align: justify;\"><em>Pourtant il me semble que tu fais une erreur d&rsquo;analyse quand tu parles de ta propre parole. Il ne s&rsquo;agit pas de prendre la parole forc\u00e9ment mais plut\u00f4t de prendre l&rsquo;image. Et \u00e7a c&rsquo;est le montage. Le pamphlet ou le journal de bord tu peux le faire aussi sans prononcer un seul mot, non ?<\/em><\/p>\n<p style=\"text-align: justify;\"><em>\u00a0<\/em><\/p>\n<p style=\"text-align: justify;\">\u00c7a me pose plusieurs questions, entre autres:<\/p>\n<p style=\"text-align: justify;\">Vraie\/fausse fiction? Je cherche \u00e0 fictionner le moins possible, \u00e0 en \u00e9viter le recours au maximum, une \u00e9pure en quelque sorte. Un peu pr\u00e9tentieux, \u00e7a&#8230;<\/p>\n<p style=\"text-align: justify;\">Quand aux portraits, ils se font tout seuls vu la masse de ce que je tourne, de fait ceux qui sont \u00ab\u00a0portraitisables\u00a0\u00bb sont ceux que je filme le plus souvent.<\/p>\n<p style=\"text-align: justify;\">Mais je ne veux pas faire d&rsquo;ITV \u00e0 chaud, je pr\u00e9f\u00e8re rester discret, ne pas donner l&rsquo;impression que je privil\u00e9gie qui que ce soit. Ca ne m&#8217;emp\u00eache pas d&rsquo;observer les gens tr\u00e8s intens\u00e9ment, et de penser d\u00e9j\u00e0 aux questions que je leur poserais. Si je les pose maintenant je risque de d\u00e9voiler sous quel angle je les observe, et d&rsquo;influer sur leur comportement. Je pr\u00e9f\u00e8re qu&rsquo;ils ne sachent pas vraiment qui les regarde.<\/p>\n<p style=\"text-align: justify;\">Je vais faire des ITV, des gens de passages, Daniel Mermet, par exemple? Enfin on verra.<\/p>\n<p style=\"text-align: justify;\">Cette id\u00e9e que le discours c&rsquo;est le montage, me semble un peu courte. C&rsquo;est le montage des images et des sons, on est donc compl\u00e8tement tributaire de des \u00e9l\u00e9ments que l&rsquo;on a recueillis.<\/p>\n<p style=\"text-align: justify;\">MB avait intitul\u00e9 son mail: \u00ab\u00a0Haut les coeurs!\u00a0\u00bb.<\/p>\n<p style=\"text-align: justify;\">\n<p style=\"text-align: justify;\">D&rsquo;accord!<\/p>\n<p style=\"text-align: justify;\">Dimanche, AG<\/p>\n<p style=\"text-align: justify;\">\n","protected":false},"excerpt":{"rendered":"<p>Hier deux r\u00e9unions \u00e0 la fois, j&rsquo;ai choisi Motiv\u00e9-e-s et son coll\u00e8ge d&rsquo;animation, pas mal de monde, les 4 filles \u00e9taient l\u00e0. Je fais toujours inconsciemment une balance entre eux et la LCR. Hier soir, j&rsquo;\u00e9tais pr\u00e8s \u00e0 laisser tomber<\/p>\n","protected":false},"author":1,"featured_media":0,"comment_status":"open","ping_status":"open","sticky":false,"template":"","format":"standard","meta":{"footnotes":""},"categories":[15,11],"tags":[],"class_list":["post-231","post","type-post","status-publish","format-standard","hentry","category-4eme-trimestre-2000","category-journal"],"_links":{"self":[{"href":"https:\/\/unfilm.org\/index.php?rest_route=\/wp\/v2\/posts\/231","targetHints":{"allow":["GET"]}}],"collection":[{"href":"https:\/\/unfilm.org\/index.php?rest_route=\/wp\/v2\/posts"}],"about":[{"href":"https:\/\/unfilm.org\/index.php?rest_route=\/wp\/v2\/types\/post"}],"author":[{"embeddable":true,"href":"https:\/\/unfilm.org\/index.php?rest_route=\/wp\/v2\/users\/1"}],"replies":[{"embeddable":true,"href":"https:\/\/unfilm.org\/index.php?rest_route=%2Fwp%2Fv2%2Fcomments&post=231"}],"version-history":[{"count":0,"href":"https:\/\/unfilm.org\/index.php?rest_route=\/wp\/v2\/posts\/231\/revisions"}],"wp:attachment":[{"href":"https:\/\/unfilm.org\/index.php?rest_route=%2Fwp%2Fv2%2Fmedia&parent=231"}],"wp:term":[{"taxonomy":"category","embeddable":true,"href":"https:\/\/unfilm.org\/index.php?rest_route=%2Fwp%2Fv2%2Fcategories&post=231"},{"taxonomy":"post_tag","embeddable":true,"href":"https:\/\/unfilm.org\/index.php?rest_route=%2Fwp%2Fv2%2Ftags&post=231"}],"curies":[{"name":"wp","href":"https:\/\/api.w.org\/{rel}","templated":true}]}}