{"id":230,"date":"2016-03-17T14:39:15","date_gmt":"2016-03-17T13:39:15","guid":{"rendered":"http:\/\/localhost\/journal\/?p=112"},"modified":"2016-03-17T14:39:15","modified_gmt":"2016-03-17T13:39:15","slug":"271100","status":"publish","type":"post","link":"https:\/\/unfilm.org\/?p=230","title":{"rendered":"27\/11\/00"},"content":{"rendered":"<p>Hier soir AG Mot\u2019 au Puerto Habana, largement plus de 150 personnes. C&rsquo;est l\u00e0 que la d\u00e9mocratie fait mal.<\/p>\n<p>Arriv\u00e9 bien avant l&rsquo;AG j&rsquo;ai eu l&rsquo;occasion de discuter un peu s\u00e9rieusement avec Elizabeth, la seconde sur la liste, qui s&rsquo;intrigue toujours du nombre de cassette que je vais avoir \u00e0 d\u00e9rusher. D\u00e8s que je discute d&rsquo;un peu plus pr\u00e8s avec les gens, je ne peux pas rester sur ma r\u00e9serve, surtout lorsque j&rsquo;ai l&rsquo;impression (parfois illusoire) que mes pr\u00e9occupations sont peut-\u00eatre celle de mes interlocuteurs. Et \u00e0 chaque fois, j&rsquo;ai l&rsquo;impression que j&rsquo;en ai dit trop, j&rsquo;en arrive \u00e0 leur faire des remarques sur leur fonctionnement etc. bref, je sors du r\u00f4le que je m&rsquo;\u00e9tais fix\u00e9. C&rsquo;est comme \u00e7a, faut que je revois ma position, je suis ind\u00e9crottable dans le genre compassionnel.<\/p>\n<p>Pendant l&rsquo;AG, grand d\u00e9bat qui n&rsquo;en finit pas, sur le choix d&rsquo;un slogan genre \u00ab\u00a0puisque c&rsquo;est \u00e7a on y va\u00a0\u00bb ou \u00ab\u00a0motiv\u00e9s, on a pas pu s&#8217;emp\u00eacher d&rsquo;y aller\u00a0\u00bb etc. Ca a pris un temps fou, parce que chacun avait un slogan \u00e0 proposer, et \u00e0 d\u00e9fendre. L&rsquo;animation apprend qu&rsquo;un brainstorming \u00e0 plus de 150, c&rsquo;est impossible.<\/p>\n<p>A la fin de l&rsquo; A.G., discussion informelle, sur le trottoir de la fa\u00e7on dont la r\u00e9union s&rsquo;\u00e9tait pass\u00e9e. J&rsquo;ai chopp\u00e9 \u00e7a au d\u00e9bott\u00e9, je ne sais pas encore ce que les images vont donner. Mais l\u00e0 je suis en plein dans mon sujet.<\/p>\n<p>Je me suis un peu frott\u00e9 avec John Paul Lepers de Canal+, qui \u00e9tait d\u00e9\u00e7u \u00e0 la fin de ce qu&rsquo;il avait ramass\u00e9&#8230; Je lui ai dit \u00ab\u00a0alors, il descend en avion de Paris avec son \u00e9quipe, et il est triste de ne pas avoir ramass\u00e9 de belles images bien croustillantes&#8230;\u00a0\u00bb.\u00a0 Bref, on a discut\u00e9 un peu.<\/p>\n<p>Quand je lui ai \u00e9voqu\u00e9 la boucle Vivendi, un salari\u00e9 (lui) de Vivendi interviewant un employ\u00e9 de Vivendi (c&rsquo;est \u00e0 dire Zebda via Universal) il ne comprenaient pas que quelque part Zebda \u00e9taient des salari\u00e9s de Vivendi. L&rsquo;investigation a des limites&#8230;<\/p>\n<p>C&rsquo;\u00e9tait un peu David et Goliath, et dans le r\u00f4le de David, j&rsquo;en fais trop, je n\u2019\u00e9tais pas content.<\/p>\n<p>Tayeb m&rsquo;informe qu&rsquo;une de leur copine Agn\u00e8s Poirier, journaliste \u00e0 France 2, voudrait suivre la campagne avec eux et qu&rsquo;il l&rsquo;a averti que j&rsquo;\u00e9tais sur le \u00ab\u00a0coup\u00a0\u00bb. Je lui r\u00e9ponds que je n&rsquo;ai pas le monopole.<\/p>\n<p>J-L. G. qui prenait le son avec moi, me fait remarquer que pour eux, c&rsquo;est tout b\u00e9n\u00e9f, c&rsquo;est une m\u00e9diatisation d&rsquo;un bien meilleur niveau que ce que je fais. Qui ne verra peut-\u00eatre pas le jour!!!<\/p>\n<p>On en a conclu qu&rsquo;il lui donnera mon num\u00e9ro de t\u00e9l\u00e9phone.<\/p>\n<p>Reste qu&rsquo;une question qui, au d\u00e9part, ne m&rsquo;inqui\u00e9tais pas, l\u00e0, me travaille&#8230; Si j&rsquo;ai dans les pattes une \u00e9quipe de France2 \u00e0 chaque fois que je veux filmer Motiv\u00e9-e-s, je vais \u00eatre mal. Simplement, en ce qui concerne les r\u00e9unions dans le local, il n&rsquo;y a pas la place pour moi, et une autre \u00e9quipe.<\/p>\n<p>Ensuite \u00e7a me fait chier de toujours laisser la place aux gens de Paris pour parler de ce que nous vivons ici. En m\u00eame temps si Mot\u2019 m&rsquo;accorde \u00ab\u00a0l&rsquo;exclu\u00a0\u00bb je me sens redevable, et \u00e7a c&rsquo;est pas bon du tout&#8230;<\/p>\n<p>Il reste que je n&rsquo;ai rien \u00e0 demander, exiger, de qui que ce soit.<\/p>\n<p>Bref, je ne sais pas sur quel pied danser&#8230;<\/p>\n<p>Envie de mettre la question en discussion sur la liste bruits.<\/p>\n<p>* * * * * * * * * * *<\/p>\n<p>C\u00f4t\u00e9 LCR, bizarre :<\/p>\n<p>Mon mail \u00e0 SB du 22 nov<\/p>\n<p>Salut<\/p>\n<p>Tu peux me donner les prochaines dates, autant les r\u00e9unions, que les \u00ab\u00a0sur le terrain\u00a0\u00bb.<\/p>\n<p>Grand Merci!<\/p>\n<p>&nbsp;<\/p>\n<p>22 Nov 2000 13:24<\/p>\n<p><em>D\u00e8s que possible<\/em><\/p>\n<p><em>Amicalement<\/em><\/p>\n<p>&nbsp;<\/p>\n<p>24 Nov 2000 08:41:22 +0200<\/p>\n<p>Euh&#8230; et c&rsquo;est possible quand?<\/p>\n<p>Pour la r\u00e9volution je comprends, mais pour les commissions, coll\u00e8ge d&rsquo;animation et AG, euh l\u00e0 j&rsquo;ai un peu de mal.<\/p>\n<p>a+<\/p>\n<p>&#8212;&#8212;&#8212;&#8212;&#8212;&#8212;<\/p>\n<p>24 Nov 2000 10:14:18 +0100<\/p>\n<p><em>Possible d\u00e8s que l&rsquo;on m&rsquo;aura fait passer le planning (je n&rsquo;\u00e9tais pas \u00e0 la r\u00e9union &#8230;)<\/em><\/p>\n<p>&#8212;&#8212;&#8212;&#8212;&#8212;&#8211;<\/p>\n<p>Et depuis rien&#8230;<\/p>\n<p>&nbsp;<\/p>\n<p>Je comprends mal qu&rsquo;un gars qui est au coeur de l&rsquo;organisation me r\u00e9ponde \u00e7a.<\/p>\n<p>&nbsp;<\/p>\n","protected":false},"excerpt":{"rendered":"<p>Hier soir AG Mot\u2019 au Puerto Habana, largement plus de 150 personnes. C&rsquo;est l\u00e0 que la d\u00e9mocratie fait mal. Arriv\u00e9 bien avant l&rsquo;AG j&rsquo;ai eu l&rsquo;occasion de discuter un peu s\u00e9rieusement avec Elizabeth, la seconde sur la liste, qui s&rsquo;intrigue<\/p>\n","protected":false},"author":1,"featured_media":0,"comment_status":"open","ping_status":"open","sticky":false,"template":"","format":"standard","meta":{"footnotes":""},"categories":[15,11],"tags":[],"class_list":["post-230","post","type-post","status-publish","format-standard","hentry","category-4eme-trimestre-2000","category-journal"],"_links":{"self":[{"href":"https:\/\/unfilm.org\/index.php?rest_route=\/wp\/v2\/posts\/230","targetHints":{"allow":["GET"]}}],"collection":[{"href":"https:\/\/unfilm.org\/index.php?rest_route=\/wp\/v2\/posts"}],"about":[{"href":"https:\/\/unfilm.org\/index.php?rest_route=\/wp\/v2\/types\/post"}],"author":[{"embeddable":true,"href":"https:\/\/unfilm.org\/index.php?rest_route=\/wp\/v2\/users\/1"}],"replies":[{"embeddable":true,"href":"https:\/\/unfilm.org\/index.php?rest_route=%2Fwp%2Fv2%2Fcomments&post=230"}],"version-history":[{"count":0,"href":"https:\/\/unfilm.org\/index.php?rest_route=\/wp\/v2\/posts\/230\/revisions"}],"wp:attachment":[{"href":"https:\/\/unfilm.org\/index.php?rest_route=%2Fwp%2Fv2%2Fmedia&parent=230"}],"wp:term":[{"taxonomy":"category","embeddable":true,"href":"https:\/\/unfilm.org\/index.php?rest_route=%2Fwp%2Fv2%2Fcategories&post=230"},{"taxonomy":"post_tag","embeddable":true,"href":"https:\/\/unfilm.org\/index.php?rest_route=%2Fwp%2Fv2%2Ftags&post=230"}],"curies":[{"name":"wp","href":"https:\/\/api.w.org\/{rel}","templated":true}]}}