{"id":227,"date":"2016-03-17T14:36:08","date_gmt":"2016-03-17T13:36:08","guid":{"rendered":"http:\/\/localhost\/journal\/?p=105"},"modified":"2016-03-17T14:36:08","modified_gmt":"2016-03-17T13:36:08","slug":"41200","status":"publish","type":"post","link":"https:\/\/unfilm.org\/?p=227","title":{"rendered":"4\/12\/00"},"content":{"rendered":"<p>Je devrais \u00eatre au rendez-vous avec Agn\u00e8s Poirier, \u00e0 cette heure, mais ce matin, j&rsquo;ai appel\u00e9 Tayeb pour lui demander o\u00f9 se trouvait le lieu de rendez vous, il m&rsquo;annonce que c&rsquo;est annul\u00e9, qu&rsquo;elle sera l\u00e0 un autre jour dans la semaine. Je n&rsquo;aurais pas appel\u00e9, je me pointais \u00e0 15h, et c&rsquo;\u00e9tait pour ma pomme. J&rsquo;allais \u00e0 cette rencontre, un peu le couteau entre les dents, suite \u00e0 une discussion avec M. B., mais l\u00e0 j&rsquo;irais pas\u00a0 (enfin, c&rsquo;est ce que je me dis)\u00a0!.<\/p>\n<p>Ce genre de pratique n&rsquo;assouplit pas mon point de vue sur la question.<\/p>\n<p>En discutant avec M. B., je me suis salement durci, il y en a vraiment marre de Paris qui d\u00e9boule avec sa force de frappe, super matos, production ficel\u00e9e, etc. C&rsquo;est \u00e0 chaque fois Paris Dakar.<\/p>\n<p>Nous sommes ici dans le tiers-monde c\u00f4t\u00e9 production audiovisuelle. Essayer de produire un documentaire, \u00e0 partir d&rsquo;ici, est d&rsquo;une difficult\u00e9 monstre, because, tout se d\u00e9cide \u00e0 Paris. C&rsquo;est difficile en g\u00e9n\u00e9ral, mais en r\u00e9gion, c&rsquo;est de l&rsquo;h\u00e9ro\u00efsme, alors je n&rsquo;ai pas envie d&rsquo;accueillir les colons, en leur cirant les pompes. M\u00eame s&rsquo;ils ont un talent fou.<\/p>\n<p>&nbsp;<\/p>\n<p>Pause:<\/p>\n<p>Depuis quelques jours j&rsquo;ai re\u00e7u 4 mails au sujet de ce que j&rsquo;\u00e9cris ici. L&rsquo;int\u00e9r\u00eat que ce petit cercle porte \u00e0 ce que j&rsquo;\u00e9cris, me porte, (pas compl\u00e8tement, parce que je suis assez lourd \u00e0 porter comme mec&#8230;). C&rsquo;est pour moi une chance inou\u00efe.<\/p>\n<p>Aujourd&rsquo;hui j&rsquo;ai le sentiment que cette aventure peut s&rsquo;arr\u00eater avant la fin (diffusion du montage final). Tout ce que j&rsquo;aurais v\u00e9cu sur ce projet c&rsquo;est tout b\u00e9n\u00e8f! Bon, je dis \u00e7a aujourd&rsquo;hui, demain, on verra, je prendrais s\u00fbrement des coups. S\u00e9v\u00e8re de d\u00e9prime si \u00e7a plante. J&rsquo;ai besoin que chaque jour je m&rsquo;y retrouve, cash! et je constate que c&rsquo;est le cas.<\/p>\n<p>Bon le dernier bonheur, \u00e7a a \u00e9t\u00e9 l&rsquo;intervention de Serge Pey au Bijou, pour annoncer sa pr\u00e9sence sur la liste 100%. C&rsquo;est un po\u00e8te pro, je m&rsquo;attendais \u00e0 un truc un peu limite.<\/p>\n<p>\u00c7a a \u00e9t\u00e9 20 minutes de po\u00e9sie-politique, comme c&rsquo;est rare d&rsquo;en trouver. J&rsquo;ai mis un bout de son sur le Web:<\/p>\n<p>&nbsp;<\/p>\n<p>J&rsquo;ai \u00e9cris sur bruits:<\/p>\n<p>&nbsp;<\/p>\n<p>&#8230;. En face \u00e0 12h30 au Bijou, SERGE PEY, faisait une \u00ab\u00a0performance\u00a0\u00bb concernant son adh\u00e9sion \u00e0 la liste \u00ab\u00a0100% \u00e0 gauche\u00a0\u00bb, L\u00e0 c&rsquo;\u00e9tait une autre parole. On pourra penser ce qu&rsquo;on veut du bonhomme, reste que les mots faisaient mouche, qu&rsquo;il y avait l\u00e0 un vrai espoir d&rsquo;une politique autrement. J&rsquo;ai dit un espoir, mais de nos jours, on se contente de si peu. Ce qui a g\u00e2ch\u00e9 le plaisir, c&rsquo;est quand ce po\u00e8te radical extr\u00eame, debout, a pris la pose avec les t\u00eates de liste devant l&rsquo;affiche de la campagne. Comme d&rsquo;hab, devant les journalistes, on se mets \u00e0 plat ventre.<\/p>\n<p>Et je me retrouve avec cette mati\u00e8re qui me br\u00fble les doigts, et que j&rsquo;ai envie de partager, alors j&rsquo;en mets un bout sur le Web, je fais un CD audio, des cassettes VHS, pour filer aux proches.<\/p>\n<p>Ca me bouffe du temps, de l&rsquo;\u00e9nergie, et c&rsquo;est \u00e7a de moins pour mon film. Bizarre cette empathie compulsive!<\/p>\n<p>Vu le sujet de Canal +, le truc vraiment tr\u00e8s fort, c&rsquo;est l&rsquo;ITV de Douste qui croyait que les Zebda, \u00e9taient parisiens&#8230; Mais \u00e7a c&rsquo;est du coup de pot, sans quoi, pour le reste c&rsquo;est clich\u00e9 et compagnie. Je ne regrette pas de l&rsquo;avoir un peu fait chier, le journaliste.<\/p>\n<p>Mais c&rsquo;est int\u00e9ressant pour moi de voir un sujet \u00ab\u00a0pro\u00a0\u00bb tourn\u00e9 sur les lieux o\u00f9 je tourne. Le rendu diff\u00e9rent, d\u00fb \u00e0 plein de facteur.<\/p>\n<p>Au niveau technique c&rsquo;est le grand angle, et la profondeur de champ maxi d\u00fb \u00e0 la sensibilit\u00e9 de leurs capteurs, qui fait que les mouvements de cam\u00e9ras sont tout le temps fluides, et avec le point. L&rsquo;acte de filmer avec ce genre d&rsquo;outils c&rsquo;est d\u00e9j\u00e0 une forme d&rsquo;arrogance. Un c\u00f4t\u00e9 tr\u00e8s rentre dedans.<\/p>\n<p>Simplement avec l&rsquo;objectif de leur cam\u00e9ra, je m&rsquo;ach\u00e8te 3 cam\u00e9scopes comme le mien. Le plus difficile pour moi c&rsquo;est de ne pas tenter de faire la m\u00eame chose qu&rsquo;eux (au niveau image), de me lib\u00e9rer de l&rsquo;image dominante, et de faire autre chose, pas facile.<\/p>\n<p>&nbsp;<\/p>\n<p>Je reprends les mails re\u00e7us, du moins ceux que je retrouve:<\/p>\n<p>Un \u00e9change avec E. L.\u00a0:<\/p>\n<p><em>Sans remettre en cause, ton projet de base (\u00e9videmment)<\/em><\/p>\n<p>Et pourquoi pas !<\/p>\n<p><em>et m\u00eame si d&rsquo;un certain point de vue, on peut adh\u00e9rer \u00e0 ce que tu as envie de faire ressortir&#8230;.. il me semble que tu pars sur des bases restrictives&#8230; par exemple, tu pars, sur les m\u00eames vues pour analyser un groupe tel que LCR ou les Verts ou les gens se connaissent, et sont hi\u00e9rarchis\u00e9s suivant des r\u00e8gles pr\u00e9d\u00e9finies \u00e0 chaque groupe&#8230; Motiv\u00e9 si c&rsquo;est le bordel, je n&rsquo;en<\/em> <em>doute pas un instant, part dans d&rsquo;autres types d&rsquo;enjeux de pouvoir mais lesquels ?<\/em><\/p>\n<p>La question qui m&rsquo;int\u00e9resse, c&rsquo;est \u00ab\u00a0le militantisme\u00a0\u00bb, et plus particuli\u00e8rement son impuissance. Ce qu&rsquo;ils ont tous en commun, c&rsquo;est cette incapacit\u00e9 de g\u00e9rer l\u2019 \u00ab\u00a0autre\u00a0\u00bb, avec sa parole, sa culture, et aussi son pathos.<\/p>\n<p><em>Excuse-moi, je suis un jeune con, encore une fois, je ne suis peut \u00eatre pas \u00e9loign\u00e9 de ton point de vue&#8230; mais, est-ce que ton film ne va pas verser dans l&rsquo;in\u00e9vitable penchant du \u00ab\u00a0c&rsquo;\u00e9tait mieux avant\u00a0\u00bb ?<\/em><\/p>\n<p>Oui tu as raison, c&rsquo;est un risque, mais est-ce que lorsque les choses se d\u00e9gradent on ne peut pas le dire? Pour faire gros, Quand tu prends une bombe sur la gueule, tu as le droit de dire que c&rsquo;\u00e9tait mieux avant? Or il semble bien que c&rsquo;est le cas, une bombe \u00e0 fait p\u00e9ter toute l&rsquo;\u00e9ducation populaire, et on en est l\u00e0: \u00ab\u00a0Incapacit\u00e9 totale de se donner un ordre du jour, et de le respecter\u00a0\u00bb C&rsquo;est juste un sympt\u00f4me, mais la maladie, derri\u00e8re elle est grosse!<\/p>\n<p><em>Est-ce que l&rsquo;incapacit\u00e9 pour un groupe \u00e0 organiser quelque chose n&rsquo;est d\u00fb au fait qu&rsquo;il n&rsquo;y a pas de groupe et un simplement un rassemblement d&rsquo;individus, incapable d&rsquo;avoir cette conscience du groupe&#8230;. ? <\/em><\/p>\n<p>Oui, mais s&rsquo;il n&rsquo;y a pas de groupe, ou est le souci du bien commun, l\u00e0 tu es encore plus dur que moi!<\/p>\n<p>&nbsp;<\/p>\n<p>Mail de PS:<\/p>\n<p><em>\u00ab\u00a0De cette impossibilit\u00e9 de respecter cette proc\u00e9dure, d\u00e9coule toute la ruine de la vie militante\u00a0\u00bb La je trouve que tu vas un peu vite. Cette vitesse risquerait de te rendre un peu myope, vois tu. La ruine de la vie militante, n&rsquo;est ce pas un pl\u00e9onasme. La vie militante n&rsquo;est elle pas une ruine. On s\u2019entend bien, par militant, j&rsquo;entends une activit\u00e9 li\u00e9e au fonctionnement d&rsquo;une organisation qui a pour but la r\u00e9alisation de sa th\u00e9orie. Par exemple une soci\u00e9t\u00e9 de p\u00eache. Ce qui ne veut pas dire pour autant qu&rsquo;aller p\u00eacher est une ruine. <\/em><\/p>\n<p><em>&#8230;\/&#8230;<\/em><\/p>\n<p><em>Sans faire de la parano, fais toi une courbe pour savoir si l&rsquo;attitude des \u00ab\u00a0acteur\u00a0\u00bb \u00e0 ton \u00e9gard \u00e9volue dans un sens ou dans l&rsquo;autre en fonction de l&rsquo;approche de l&rsquo;\u00e9v\u00e8nement. <\/em><\/p>\n<p>&#8230;.<\/p>\n<p>Ben oui, \u00e7a me repose la question, qu&rsquo;est-ce qu&rsquo;\u00eatre militant. Je sais bien que je redoute les militants, je sais trop bien que ce n&rsquo;est comme dirait Ben Sa\u00efd, qu&rsquo;un masque autobiographique, et que lorsque je rencontre un militant, c&rsquo;est ce masque l\u00e0 que je tente d&rsquo;arracher. Et cette critique l\u00e0 je l&rsquo;ai faite au d\u00e9but des ann\u00e9es 70, donc ce n\u2019est pas d&rsquo;hier. Et je me retrouve quelque part \u00ab\u00a0militant\u00a0\u00bb moi-m\u00eame, l\u00e0 \u00e7a m&rsquo;inqui\u00e8te, et pire que \u00e7a, les gens qui n&rsquo;ont pas en eux un petit v\u00e9lo qui milite m&#8217;emmerdent assez vite. Disons que je me sens militant du sens\u2026 (et plouf!).<\/p>\n<p>&nbsp;<\/p>\n<p>Pour ce qui est de l&rsquo;attitude des acteurs \u00e0 mon \u00e9gard, l\u00e0 je suis toujours sur la corde raide. Je me sens toujours \u00ab\u00a0l&rsquo;intrus\u00a0\u00bb m\u00eame s&rsquo;ils m&rsquo;oublient, je sais qu&rsquo;\u00e0 tout moment je peux \u00eatre pris comme t\u00eate de turc, comme bouc \u00e9missaire&#8230; La peur fantasmatique d&rsquo;\u00eatre \u00ab\u00a0d\u00e9masqu\u00e9\u00a0\u00bb. Alors l\u00e0 l&rsquo;autobiographie joue \u00e0 fond, mais c&rsquo;est pas le lieu.<\/p>\n<p>&nbsp;<\/p>\n<p>Mail de J-L. G.:<\/p>\n<p><em>Je n&rsquo;ai pas assist\u00e9 \u00e0 tout ton tournage mais fait attention \u00e0 ne pas \u00eatre noy\u00e9 sous le poids des rushes. J&rsquo;ai l&rsquo;impression aussi que tu filmes les moments, \u00e9v\u00e8nements, lorsqu&rsquo;il y a des groupes. Je crois qu&rsquo;il faut que tu t&rsquo;attaches aussi aux individus (peut-\u00eatre suivre Salah ou Pailler sur une journ\u00e9e, quelques autres militants, Pey ? <\/em><\/p>\n<p>&#8230;.<\/p>\n<p>Pour ce qui est des rushes, c&rsquo;est vrai que je pars tr\u00e8s mal, j&rsquo;en suis \u00e0 22h, et j&rsquo;ai encore 3 mois de tournage devant moi. Sachant que vers la fin, \u00e7a va tourner beaucoup, et puis qu&rsquo;apr\u00e8s il y a les ITV. Mais bon, tant pis, j&rsquo;en suis \u00e0 me dire que je vais faire un film de 12heures, visionnable sur une ann\u00e9e 1 heure par mois.<\/p>\n<p>Mais, je ne vois pas comment faire autrement.<\/p>\n<p>Mais \u00e7a va \u00eatre terrible, va falloir que je fonde une ONG \u00ab\u00a0Sauvez Mes Rushes\u00a0!\u00a0\u00bb. Pour ce qui est de suivre les individus, \u00e7a ne m&rsquo;int\u00e9resse pas trop. Ce qui m&rsquo;int\u00e9resse c&rsquo;est les individus dans leurs groupes militants respectifs. Je commence \u00e0 rep\u00e9rer des t\u00eates que je filme plus volontairement, pour diff\u00e9rentes raisons (perverses parfois&#8230;), et au fur et \u00e0 mesure je vais voir mes personnages \u00e9merger&#8230; Et apr\u00e8s le contrechamp \u00e7a sera les Itv au calme, avec le recul, voil\u00e0 l&rsquo;hypoth\u00e8se de travail!<\/p>\n<p>Bon j&rsquo;arr\u00eate l\u00e0, je fatigue (grippe)!<\/p>\n<p>&nbsp;<\/p>\n<p><strong>\u00a0<\/strong><\/p>\n","protected":false},"excerpt":{"rendered":"<p>Je devrais \u00eatre au rendez-vous avec Agn\u00e8s Poirier, \u00e0 cette heure, mais ce matin, j&rsquo;ai appel\u00e9 Tayeb pour lui demander o\u00f9 se trouvait le lieu de rendez vous, il m&rsquo;annonce que c&rsquo;est annul\u00e9, qu&rsquo;elle sera l\u00e0 un autre jour dans<\/p>\n","protected":false},"author":1,"featured_media":0,"comment_status":"open","ping_status":"open","sticky":false,"template":"","format":"standard","meta":{"footnotes":""},"categories":[15,11],"tags":[],"class_list":["post-227","post","type-post","status-publish","format-standard","hentry","category-4eme-trimestre-2000","category-journal"],"_links":{"self":[{"href":"https:\/\/unfilm.org\/index.php?rest_route=\/wp\/v2\/posts\/227","targetHints":{"allow":["GET"]}}],"collection":[{"href":"https:\/\/unfilm.org\/index.php?rest_route=\/wp\/v2\/posts"}],"about":[{"href":"https:\/\/unfilm.org\/index.php?rest_route=\/wp\/v2\/types\/post"}],"author":[{"embeddable":true,"href":"https:\/\/unfilm.org\/index.php?rest_route=\/wp\/v2\/users\/1"}],"replies":[{"embeddable":true,"href":"https:\/\/unfilm.org\/index.php?rest_route=%2Fwp%2Fv2%2Fcomments&post=227"}],"version-history":[{"count":0,"href":"https:\/\/unfilm.org\/index.php?rest_route=\/wp\/v2\/posts\/227\/revisions"}],"wp:attachment":[{"href":"https:\/\/unfilm.org\/index.php?rest_route=%2Fwp%2Fv2%2Fmedia&parent=227"}],"wp:term":[{"taxonomy":"category","embeddable":true,"href":"https:\/\/unfilm.org\/index.php?rest_route=%2Fwp%2Fv2%2Fcategories&post=227"},{"taxonomy":"post_tag","embeddable":true,"href":"https:\/\/unfilm.org\/index.php?rest_route=%2Fwp%2Fv2%2Ftags&post=227"}],"curies":[{"name":"wp","href":"https:\/\/api.w.org\/{rel}","templated":true}]}}