{"id":221,"date":"2016-03-17T14:10:37","date_gmt":"2016-03-17T13:10:37","guid":{"rendered":"http:\/\/localhost\/journal\/?p=49"},"modified":"2016-03-17T14:10:37","modified_gmt":"2016-03-17T13:10:37","slug":"280201","status":"publish","type":"post","link":"https:\/\/unfilm.org\/?p=221","title":{"rendered":"28\/02\/01"},"content":{"rendered":"<p style=\"text-align: justify;\"><strong>\u00a0<\/strong><\/p>\n<p style=\"text-align: justify;\">D&rsquo;abord, \u00e0 18h je d\u00e9boule avec retard \u00e0 la conf de presse dans un resto de la place A.Bernard. Un paquet de m\u00e9dias\u00a0!<\/p>\n<p style=\"text-align: justify;\">L&rsquo;impression que Mot\u2019 se fait serrer dans des dispositifs conventionnels qui ne lui ressemblent pas. Exemple : le lendemain Sa. avec toutes les t\u00eates de listes, de gauche, il me semble, monte \u00e0 Paris accompagner les Job dans leurs ultimes n\u00e9gociations.<\/p>\n<p style=\"text-align: justify;\">\n<p style=\"text-align: justify;\">Puis \u00e0 19h CA qui devrait finir \u00e0 21h.<\/p>\n<p style=\"text-align: justify;\">Bien 25 personnes, dont bien la moiti\u00e9 de filles. Deux morceaux majeurs.<\/p>\n<p style=\"text-align: justify;\">Discussion sur le verso de la profession de foi, est-ce lisible, compr\u00e9hensible, fid\u00e8le \u00e0 ce qu&rsquo;est Mot\u2019. Chacun y va de sa remarque. Personne sauf Fr. n&rsquo;a le souci que \u00ab\u00a0\u00e7a fasse voter\u00a0\u00bb. Le texte doit partir le lendemain \u00e0 deux heures.<\/p>\n<p style=\"text-align: justify;\">Qu&rsquo;il est terrible le silence qui s&rsquo;installe, quand apr\u00e8s avoir discut\u00e9 le texte en long, en large, la question est pos\u00e9e: \u00ab\u00a0qui s&rsquo;y colle pour re-r\u00e9diger?\u00a0\u00bb.<\/p>\n<p style=\"text-align: justify;\">Autre question, bien plus grosse celle-l\u00e0, la pr\u00e9paration de l&rsquo;AG du 4. Un texte touffu est distribu\u00e9 que chacun \u00e9pluche.<\/p>\n<p style=\"text-align: justify;\">La question de la coalition \u00e9tant plus complexe que celle du maintien, Sa. a peur que les partisans du maintien dont il ne semble pas \u00eatre, soient d\u00e9savantag\u00e9s, et r\u00e9clame qu&rsquo;il y ait un d\u00e9bat qui ne soit pas que strat\u00e9gique, mais d&rsquo;abord politique sur le fond de ces deux attitudes, maintien ou coalition (on ne parle plus de \u00ab\u00a0fusion\u00a0\u00bb). Il a souvent des analyses divergentes qui donnent un \u00e9clairage inattendu sur la fa\u00e7on de traiter les probl\u00e8mes.<\/p>\n<p style=\"text-align: justify;\">Puis vient la question du dispositif de n\u00e9gociation avec le PS. Est \u00e9voqu\u00e9e l&rsquo;id\u00e9e d&rsquo;y aller nombreux (20) avec certains qui n\u00e9gocient, et d&rsquo;autres qui assistent en silence ou \u00e0 titre consultatif.<\/p>\n<p style=\"text-align: justify;\">L\u00e0 Sa. p\u00e8te un c\u00e2ble, il a peur de l&rsquo;inefficacit\u00e9 totale du dispositif, de son c\u00f4t\u00e9 usine \u00e0 gaz, peur aussi d&rsquo;autres choses que je n&rsquo;arrive pas vraiment \u00e0 d\u00e9celer&#8230; Je le vois partir sur une pente savonneuse,\u00a0 l&rsquo;oeil dans le viseur de la cam\u00e9ra qui tourne en continu ou presque, j\u2019esp\u00e8re que je ne vais\u00a0 pas entendre, de sa bouche, le mot \u00ab\u00a0confiance\u00a0\u00bb que j&rsquo;ai vu d\u00e9bouler tant de fois ailleurs, espoir d\u00e9\u00e7u.<\/p>\n<p style=\"text-align: justify;\">J&rsquo;ai l&rsquo;impression qu&rsquo;il souffre de se faire trahir par ses propres mots, ce qui brutalement le rend silencieux.<\/p>\n<p style=\"text-align: justify;\">L\u00e0 \u00e7a mets le feu, \u00e7a parle, p\u00eale-m\u00eale de d\u00e9mocratie, de politique autrement, du danger du recours \u00e0 la confiance, de contr\u00f4le, de p\u00e9dagogie, de d\u00e9l\u00e9gation de pouvoir, de mandat, que la d\u00e9mocratie c&rsquo;est pas \u00e7a, avec en prime des r\u00e9f\u00e9rences historiques, etc.<\/p>\n<p style=\"text-align: justify;\">La parole tourne \u00e0 fond, chacun parle, exprime son espoir d&rsquo;autre chose, c&rsquo;est \u00e9mouvant, presque douloureux.<\/p>\n<p style=\"text-align: justify;\">M\u00eame sans cam\u00e9ra, je ne donnerais ma place pour rien au monde.<\/p>\n<p style=\"text-align: justify;\">\n<p style=\"text-align: justify;\">A la fin, \u00e0 nouveau le silence terrible \u00e9voqu\u00e9 plus haut.<\/p>\n<p style=\"text-align: justify;\">\n<p style=\"text-align: justify;\">O., \u00e0 c\u00f4t\u00e9 de moi, a d\u00e9j\u00e0 pris en charge le premier boulot. Je la vois essayer d&rsquo;\u00e9loigner d&rsquo;elle, avec peine,\u00a0 la tentation de prendre en charge \u00e0 nouveau\u00a0 ce travail l\u00e0. Il me semble qu&rsquo;elle succombera \u00e0 nouveau.<\/p>\n<p style=\"text-align: justify;\">En fait seul deux personnes sont contre ce dispositif, Sa. et M.<\/p>\n<p style=\"text-align: justify;\">M., il le dira apr\u00e8s la r\u00e9union,\u00a0 passe des journ\u00e9es enti\u00e8res \u00e0 travailler pour Mot\u2019, \u00e0 assurer de partout, parce que personne (ou presque) ne fait le boulot, et apr\u00e8s il\u00a0 doit recevoir les critiques, de ceux qui eux ne foutent pas grand chose. Pour lui, la question de la d\u00e9mocratie est plus l\u00e0, dans la concentration des t\u00e2ches dans tr\u00e8s peu de personnes, qui de ce fait ont le pouvoir, que dans les sp\u00e9culations de dispositifs de n\u00e9gociations avec le PS.\u00a0 Il me semble qu\u2019il y a l\u00e0 de l&rsquo;affectif qui mets en rapport deux probl\u00e8mes proches mais s\u00e9par\u00e9s (si si!).<\/p>\n<p style=\"text-align: justify;\">\n<p style=\"text-align: justify;\">N&#8217;emp\u00eache que le diagnostic des petites mains que j&rsquo;avais fait le 19\/02\/01, n&rsquo;\u00e9tait pas trop mauvais. Il y a l\u00e0 un vrai probl\u00e8me, tout se passe comme si Mot vivait au dessus de ses moyens d\u00e9mocratico\/militant (\u00e7a vient de sortir). Si le boulot est effectu\u00e9 toujours par les m\u00eames, c\u2019est la d\u00e9mocratie qui craint. La solution c&rsquo;est de g\u00e9n\u00e9rer moins de boulot, donc d&rsquo;\u00eatre beaucoup plus modeste dans les actions, ou (et)\u00a0 que chacun prenne \u00e9galement sa part, mais entre une ch\u00f4meuse, et un avocat surbook\u00e9 le temps disponible peut-il \u00eatre partag\u00e9? Je sais c&rsquo;est vachement complexe ce que je dis l\u00e0, et confus, en prime, mais je ne vais quand m\u00eame pas me taper tout le boulot. C&rsquo;est \u00e7a aussi la d\u00e9mocratie.<\/p>\n<p style=\"text-align: justify;\">23h, sur le trottoir Ch. qui est tr\u00e8s pr\u00e9sente au local, et qui\u00a0 n&rsquo;a pas dit grand chose: \u00ab\u00a0c&rsquo;est bien\u00a0 quand \u00e7a p\u00e8te un peu, on voit vraiment ce que les gens pensent\u00a0\u00bb.<\/p>\n<p style=\"text-align: justify;\">Samedi, repas de tous les quartiers, salle Jean Mermoz, je suis tr\u00e8s sceptique sur le monde qu&rsquo;il y aura.<\/p>\n<p style=\"text-align: justify;\">Parfois, cette impression qu&rsquo;en ayant film\u00e9 une r\u00e9union, j&rsquo;ai de quoi faire un 52 minutes. C&rsquo;\u00e9tait le cas hier, mais faut laisser refroidir.<\/p>\n<p style=\"text-align: justify;\">\n<p style=\"text-align: justify;\">\n<p style=\"text-align: justify;\">\n<p style=\"text-align: justify;\">\n","protected":false},"excerpt":{"rendered":"<p>\u00a0 D&rsquo;abord, \u00e0 18h je d\u00e9boule avec retard \u00e0 la conf de presse dans un resto de la place A.Bernard. Un paquet de m\u00e9dias\u00a0! L&rsquo;impression que Mot\u2019 se fait serrer dans des dispositifs conventionnels qui ne lui ressemblent pas. Exemple<\/p>\n","protected":false},"author":1,"featured_media":0,"comment_status":"open","ping_status":"open","sticky":false,"template":"","format":"standard","meta":{"footnotes":""},"categories":[17,11],"tags":[],"class_list":["post-221","post","type-post","status-publish","format-standard","hentry","category-fevrier-2001","category-journal"],"_links":{"self":[{"href":"https:\/\/unfilm.org\/index.php?rest_route=\/wp\/v2\/posts\/221","targetHints":{"allow":["GET"]}}],"collection":[{"href":"https:\/\/unfilm.org\/index.php?rest_route=\/wp\/v2\/posts"}],"about":[{"href":"https:\/\/unfilm.org\/index.php?rest_route=\/wp\/v2\/types\/post"}],"author":[{"embeddable":true,"href":"https:\/\/unfilm.org\/index.php?rest_route=\/wp\/v2\/users\/1"}],"replies":[{"embeddable":true,"href":"https:\/\/unfilm.org\/index.php?rest_route=%2Fwp%2Fv2%2Fcomments&post=221"}],"version-history":[{"count":0,"href":"https:\/\/unfilm.org\/index.php?rest_route=\/wp\/v2\/posts\/221\/revisions"}],"wp:attachment":[{"href":"https:\/\/unfilm.org\/index.php?rest_route=%2Fwp%2Fv2%2Fmedia&parent=221"}],"wp:term":[{"taxonomy":"category","embeddable":true,"href":"https:\/\/unfilm.org\/index.php?rest_route=%2Fwp%2Fv2%2Fcategories&post=221"},{"taxonomy":"post_tag","embeddable":true,"href":"https:\/\/unfilm.org\/index.php?rest_route=%2Fwp%2Fv2%2Ftags&post=221"}],"curies":[{"name":"wp","href":"https:\/\/api.w.org\/{rel}","templated":true}]}}