{"id":219,"date":"2016-03-17T13:52:35","date_gmt":"2016-03-17T12:52:35","guid":{"rendered":"http:\/\/localhost\/journal\/?p=44"},"modified":"2016-03-17T13:52:35","modified_gmt":"2016-03-17T12:52:35","slug":"050301","status":"publish","type":"post","link":"https:\/\/unfilm.org\/?p=219","title":{"rendered":"05\/03\/01"},"content":{"rendered":"<p style=\"text-align: justify;\">P&rsquo;t\u00eat que c&rsquo;est historique, p&rsquo;t\u00eat que \u00e7a ne sera qu&rsquo;une anecdote, dans l&rsquo;histoire.<\/p>\n<p style=\"text-align: justify;\">Ce\u00a0 WE, je suis pass\u00e9 plusieurs fois d&rsquo;un \u00e9tat \u00e0 l\u2019autre.<\/p>\n<p style=\"text-align: justify;\">D&rsquo;abord, les restos du coeur, (zut, je fatigue d\u00e9j\u00e0), le repas de tous les quartiers, samedi soir, salle Jean Mermoz. 400\/600 personnes, bon, je me suis tromp\u00e9 sur le pronostic.<\/p>\n<p style=\"text-align: justify;\">Les gens investissent la salle s&rsquo;attablent, j&rsquo;allais dire avec \u00ab\u00a0femmes et enfants\u00a0\u00bb oups.! C&rsquo;est tr\u00e8s familial dirons nous. Un gars de\u00a0 100% est l\u00e0 et viens me dire bonjour, je lui demande ce qu&rsquo;il en pense. Il me demande \u00ab\u00a0o\u00f9 est la politique?\u00a0il y a eu des prises de paroles?\u00a0\u00bb. J&rsquo;essaye de lui expliquer, que tous ces gens qui se parlent, c&rsquo;est peut-\u00eatre de la politique. Je repense au terme \u00ab\u00a0prise de parole\u00a0\u00bb tout un programme.<\/p>\n<p style=\"text-align: justify;\">Sur sc\u00e8ne c&rsquo;est l&rsquo;ambiance kermesse avec des spectacles pour les petits et les grands, entrecoup\u00e9s de \u00ab\u00a0t\u00e9moignages\u00a0\u00bb qui me font toujours autant penser \u00e0 des nouveaux chr\u00e9tiens qui viennent t\u00e9moigner de leur conversion, et de leur foi en public. Pourtant la sinc\u00e9rit\u00e9 ne fait aucun doute, mais \u00ab j\u2019sais pas\u00a0!\u00a0\u00bb. Ca me gratte, et avec les applaudissements en prime, faudrait trouver autre chose. Salah termine ces t\u00e9moignages par une br\u00e8ve intervention qui me rappelle un peu celles du meeting de 100% l&rsquo;avant veille sur cette m\u00eame sc\u00e8ne. C&rsquo;est le lieu qui doit faire \u00e7a, mais pas que.<\/p>\n<p style=\"text-align: justify;\">Et puis ce que je craignais arrive, le son qui monte, qui monte. 25 musiciens sur sc\u00e8nes genre grosse fanfare, sonoris\u00e9s par une sono surpuissante, l&rsquo;ambiance est l\u00e0, mais quelle ambiance? Celle du gros son roi! J&rsquo;aime pas. Les gens ne peuvent plus vraiment se parler, il faut se gueuler dans les oreilles, la \u00ab\u00a0f\u00eate\u00a0\u00bb devient obligatoire.<\/p>\n<p style=\"text-align: justify;\">J&rsquo;ai \u00e9t\u00e9 p\u00eacher \u00e7a sur le net \u00e0 propos d&rsquo;un livre de Philippe Murray, \u00ab\u00a0Apr\u00e8s l&rsquo;histoire\u00a0\u00bb\u00a0:<\/p>\n<p style=\"text-align: justify;\">\u00ab\u00a0La solution, c&rsquo;est la f\u00eate g\u00e9n\u00e9ralis\u00e9e, instrument par lequel le pouvoir neutralise la menace potentielle de r\u00e9bellion de ces \u00eatres dont il n&rsquo;a pas besoin, le NON \u00e9tant noy\u00e9 dans le ON de l&rsquo;\u00e9motion collective. Qu&rsquo;ils s&rsquo;\u00e9clatent dans la multiplication des f\u00eates collectives, et qu&rsquo;ils ne sachent jamais que le pouvoir leur fait la f\u00eate.<\/p>\n<p style=\"text-align: justify;\">Le totalitarisme d&rsquo;autrefois n&rsquo;y avait pas pens\u00e9.\u00a0\u00bb.<\/p>\n<p style=\"text-align: justify;\">\n<p style=\"text-align: justify;\">J&rsquo;aurais imagin\u00e9 les 25 musicos jouant en acoustique, ce qui aurait fait d\u00e9j\u00e0 pas mal de bruits, et le reste de la salle occup\u00e9 par des tables o\u00f9 les gens discutent boivent. Un esp\u00e8ce de caf\u00e9 &#8211; concert- mot&rsquo;. Je dois \u00eatre vieux jeu.<\/p>\n<p style=\"text-align: justify;\">Tout au long de la soir\u00e9e je discute avec plein de monde, j&rsquo;essaye de d&rsquo;\u00e9valuer les cons\u00e9quences de ce qui s&rsquo;est pass\u00e9 Mardi dernier au C.A. (28\/02\/01).<\/p>\n<p style=\"text-align: justify;\">J&rsquo;ai le sentiment qu&rsquo;il y a eu l\u00e0 une f\u00ealure que certains cherchent \u00e0 masquer, et que d&rsquo;autres voient comme une vraie menace sur le mouvement.<\/p>\n<ol style=\"text-align: justify;\">\n<li>me dira, \u00ab\u00a0tu comprends, je ne peux pas travailler avec des gens que je n&rsquo;aime pas, or untel, je ne l&rsquo;aime pas c&rsquo;est comme \u00e7a&#8230;\u00a0\u00bb C&rsquo;est l&rsquo;affectif en politique qui d\u00e9boule. Et ce n&rsquo;est pas rien, on ne peut pas nier son r\u00f4le, mais comment en parler, le traiter, faire \u00ab\u00a0avec\u00a0\u00bb? Pour que les gens fonctionnent ensemble, abattent un boulot \u00e9norme, le mieux est qu&rsquo;ils s&rsquo;aiment. Dis comme \u00e7a, \u00e7a fait cucu, et pourtant.<\/li>\n<\/ol>\n<p style=\"text-align: justify;\">Ce soir l\u00e0 je ressentais le \u00ab\u00a0gros son\u00a0\u00bb comme une tentative d&rsquo;\u00e9touffer ce qui s&rsquo;\u00e9tait pass\u00e9 mardi dernier. C&rsquo;est de la subjectivit\u00e9 plein pot, et dans ce cadre l\u00e0, j&rsquo;avais tout d&rsquo;un coup le sentiment de la fragilit\u00e9 de tout cet \u00e9difice, qui marche beaucoup \u00e0 l&rsquo;affectif. L&rsquo;affectif, il n&rsquo;y a pas plus fragile, pas plus dangereux, si l&rsquo;affectif s&rsquo;\u00e9croule, tout se coince. Ce soir l\u00e0 je commen\u00e7ais \u00e0 ressentir ce que ce serait de faire le deuil de Mot\u2019. On a beau se dire \u00ab\u00a0tout ce qui s&rsquo;est pass\u00e9 c&rsquo;est d\u00e9j\u00e0 \u00e7a\u00a0\u00bb n&#8217;emp\u00eache que quand on voit le gris reprendre sa place,qu&rsquo;on imagine ces centaines de visages se refermer comme avant, bonjour la douleur!<\/p>\n<p style=\"text-align: justify;\">Ce soir l\u00e0, je devais \u00eatre tr\u00e8s fatigu\u00e9.<\/p>\n<p style=\"text-align: justify;\">Il y aurait \u00e0 chaque fois des milliers de choses \u00e0 raconter, je pense surtout \u00e0 cette grande discussion avec le copain d\u2019In. Ex-sans-papier, qui me parle avec un magnifique sourire entrecoup\u00e9 de col\u00e8re, de l&rsquo;attitude de rejet des mairies socialistes pendant la derni\u00e8re marche des sans-papier, de sa difficult\u00e9 constante de vivre sous ce gouvernement socialiste. Il ne comprends pas comment Mot\u2019 peut envisager de passer un accord quelconque avec le PS, et va jusqu&rsquo;\u00e0 penser que c&rsquo;\u00e9tait d\u00e9cid\u00e9 d\u00e8s le d\u00e9part.<\/p>\n<p style=\"text-align: justify;\">\n<p style=\"text-align: justify;\">Le lendemain AG pour tenter d&rsquo;anticiper les d\u00e9cisions \u00e0 prendre pour le deuxi\u00e8me tour. 150 personnes, dont 130 qui prendront part aux votes. Chaque AG devient un peu plus dense, avec une tension qu cro\u00eet.<\/p>\n<p style=\"text-align: justify;\">Exposition des diff\u00e9rentes attitudes, des diff\u00e9rentes possibilit\u00e9s, etc.<\/p>\n<p style=\"text-align: justify;\">On sent la fatigue, parfois le ton monte d&rsquo;un cran, tr\u00e8s vite quelqu&rsquo;un dans le groupe demande \u00e0 ce qu&rsquo;on se calme.<\/p>\n<p style=\"text-align: justify;\">Hormis les pr\u00e9visions de scores, deux interrogations majeures\u00a0: le PS c&rsquo;est qui et qu&rsquo;est-ce qu&rsquo;ils veulent? Certains les voient comme des \u00ab\u00a0tueurs\u00a0\u00bb d&rsquo;autres \u00e9voquent le fait que Simon, Fontvielle, et d&rsquo;autres sont des socialos atypiques. Ce \u00e0 quoi est avanc\u00e9 qu&rsquo;apr\u00e8s quelques ann\u00e9es en place ils seront comme les autres. Il y en a qui estiment que c&rsquo;est au niveau national que \u00e7a va se n\u00e9gocier, Toulouse \u00e9tant la quatri\u00e8me ville de France.<\/p>\n<p style=\"text-align: justify;\">L&rsquo;autre d\u00e9bat c&rsquo;est comment utiliser les m\u00e9dias? Qui va utiliser qui? J&rsquo;ai l&rsquo;impression que pour certains le fait d&rsquo;avoir \u00e9t\u00e9 sur m\u00e9diatis\u00e9 a cr\u00e9\u00e9 inconsciemment une dette \u00e0 payer.<\/p>\n<p style=\"text-align: justify;\">Peut-on faire attendre les m\u00e9dias, diff\u00e9rer les r\u00e9ponses attendues, revendiquer publiquement le temps de r\u00e9fl\u00e9chir collectivement, d\u00e9mocratiquement.<\/p>\n<p style=\"text-align: justify;\">Puis, on en arrive \u00e0 voter pour savoir s&rsquo;il faut voter pour\u00a0 d\u00e9cider si on peut\u00a0 voter. La machine s&#8217;emballe, certains demandent l&rsquo;annulation d&rsquo;un vote o\u00f9 ils faisaient parti de la majorit\u00e9.<\/p>\n<p style=\"text-align: justify;\">Une pause de 10 minutes est demand\u00e9e, elle est refus\u00e9e, appelant \u00e0 ce qu&rsquo;on en finisse. D&rsquo;autres mettent en garde l&rsquo;assembl\u00e9e sur le fait de prendre des d\u00e9cisions \u00e0 la h\u00e2te sous pr\u00e9texte\u00a0 d&rsquo;\u00e9vacuer la tension. Il y a d\u00e9j\u00e0 3 bonnes heures que \u00e7a dure, quelques personnes s&rsquo;en vont, bougent, la configuration de la salle se modifie spontan\u00e9ment, les gens se rapprochent les uns des autres, et tout d&rsquo;un coup la parole coule \u00e0 nouveau, fluide, intelligente, affectueuse (si si!). Et tout le monde pointe ce changement, ce qui \u00e9tait tension, se m\u00e9tamorphose en \u00e9nergie constructive. Un genre de miracle!<\/p>\n<p style=\"text-align: justify;\">Je n&rsquo;aime pas les miracles, c&rsquo;est tr\u00e8s difficile \u00e0 reproduire. Et il me semble que dans les jours qui viennent va y\u00a0 avoir besoin que \u00e7a se reproduise.<\/p>\n<p style=\"text-align: justify;\">Je filme tout, comme un con, j&rsquo;ai l&rsquo;impression qu&rsquo;il faut faire de l&rsquo;archive, que ce qui se passe l\u00e0 est peut-\u00eatre historique, et que c&rsquo;est trop b\u00eate sous pr\u00e9texte d&rsquo;\u00e9conomiser des cassettes, et du temps de d\u00e9rushage, de ne pas collecter ce qui se passe pour les g\u00e9n\u00e9rations futures. Tatatsouin!\u00a0 Sans aller jusque l\u00e0, je pense \u00e0 dans 6 ans, si cette mati\u00e8re peut servir \u00e0 ce que certains se forgent des outils pour avancer.<\/p>\n<p style=\"text-align: justify;\">Bref je me sens instrumentalis\u00e9, ce qui sur le plan d&rsquo;un documentaire est \u00ab\u00a0le\u00a0\u00bb p\u00e9cher mortel, je m&rsquo;en fous, enfin pour le moment. Plus tard, j&rsquo;aurai peut-\u00eatre des regrets.<\/p>\n<p style=\"text-align: justify;\">Ceci dit, qui aura le temps de fouiller dans des dizaines d&rsquo;heures de bande pour en tirer quelque chose?<\/p>\n<p style=\"text-align: justify;\">Je reste un peu flou dans ce r\u00e9cit ne voulant pas interf\u00e9rer trop directement sur ce qui se passe.<\/p>\n<p style=\"text-align: justify;\">Je re\u00e7ois r\u00e9guli\u00e8rement des r\u00e9actions \u00e0 ce que j&rsquo;\u00e9cris. L&rsquo;Internet\u00a0 \u00e7a peut \u00eatre vachement dangereux, \u00e7a peut vous faire croire que vous n&rsquo;\u00eates pas seul \u00e0 penser ce que vous pensez. Et si en plus vous rencontrez, apr\u00e8s des gens qui dans la r\u00e9alit\u00e9 vraie, concr\u00e8te, vous le confirment, on passe du virtuel au r\u00e9el, et l\u00e0 c&rsquo;est tr\u00e8s grave, mais grave, vous pouvez pas savoir\u00a0! Je ne m&rsquo;en remets pas encore.<\/p>\n<p style=\"text-align: justify;\">Bon, \u00e7a va faire long, mais j&rsquo;ai re\u00e7u \u00e7a hier soir, pas le courage de couper dedans. A quand un atelier d&rsquo;\u00e9criture, politico-militante-motiv&rsquo;. En plus je sais qu&rsquo;il y a des gens chez Mot qui savent faire \u00e7a!<\/p>\n<p style=\"text-align: justify;\">\n<p style=\"text-align: justify;\">&#8230;par o\u00f9 commencer?<\/p>\n<p style=\"text-align: justify;\"><em>\u00ab\u00a0Alors elle m&rsquo;avait dit \u00a0Vas-y, regarde son site, c&rsquo;est riche, un autre regard, et j&rsquo;avais pas pris le temps, comme d&rsquo;hab. L\u00e0, je suis schotch\u00e9e. R\u00e9ellement. Parce que ton journal m&rsquo;interpelle, me touche, j&rsquo;ai besoin de te r\u00e9pondre, en tremblant, non, l\u00e0, je me r\u00e9ponds.<\/em><\/p>\n<p style=\"text-align: justify;\"><em>\u00a0<\/em><\/p>\n<p style=\"text-align: justify;\"><em>Depuis six mois maintenant, je sillonne aussi au sein des Motiv\u00e9-e-s, je regarde, j&rsquo;\u00e9coute, j&rsquo;apprends surtout, \u00e9norm\u00e9ment, voir tellement que j&rsquo;ai du mal \u00e0 me dire que je \u00ab\u00a0m&rsquo;approprie\u00a0\u00bb tout ce qui circule, tout ce qui se dit, et surtout de la mani\u00e8re dont \u00e7a se passe.<\/em><\/p>\n<p style=\"text-align: justify;\"><em>\u00a0<\/em><\/p>\n<p style=\"text-align: justify;\"><em>La \u00ab\u00a0participation\u00a0\u00bb m&rsquo;est difficile, non via les \u00ab\u00a0petites t\u00e2ches\u00a0\u00bb (je fais partie des \u00ab\u00a0petites mains\u00a0\u00bb) mais dans la prise de parole, dans le fait d&rsquo;assumer mes positions, parce qu&rsquo;elles changent trop souvent, parce que je suis impressionn\u00e9e aussi, ou impressionnable&#8230; par la pertinence des gens qui sont pr\u00e9sents, par leur r\u00e9activit\u00e9, agilit\u00e9, perspicacit\u00e9, dans des situations ou face \u00e0 des contextes que je mets deux plombes \u00e0 d\u00e9crypter. Alors je me tais, avec le sentiment culpabilisant de \u00ab\u00a0consommer\u00a0\u00bb, avec la fiert\u00e9 d\u00e9plac\u00e9e de m&rsquo;y reconna\u00eetre, quand mes propres limites sont si difficiles \u00e0 d\u00e9passer&#8230; <\/em><\/p>\n<p style=\"text-align: justify;\"><em>\u00a0<\/em><\/p>\n<p style=\"text-align: justify;\"><em>Quand tu parles de M., qui constate les d\u00e9rapages possibles d&rsquo;une d\u00e9mocratie \u00ab\u00a0dite\u00a0\u00bb trop souvent que par quelques personnes, je me dis que c&rsquo;est l\u00e0 que je dois, oui, c&rsquo;est un devoir, prendre mes responsabilit\u00e9s et tenter aussi ma propre exp\u00e9rimentation : m&rsquo;affirmer et oser. Me lancer quoi. Mais qu&rsquo;est-ce que c&rsquo;est dur!! Et qu&rsquo;il faut du temps pour s&rsquo;inventer, et qu&rsquo;un jour, je serai moins t\u00e9tanis\u00e9e par l&rsquo;expression libre. En m\u00eame temps, je repousse toujours l&rsquo;\u00e9ch\u00e9ance. Trop facile.<\/em><\/p>\n<p style=\"text-align: justify;\"><em>\u00a0<\/em><\/p>\n<p style=\"text-align: justify;\"><em>Alors, c&rsquo;est le vertige permanent, besoin et peur du \u00ab\u00a0tout-collectif-tout-le-temps\u00a0\u00bb, comment ils font les autres??? J&rsquo;ai jamais connu autant de gens chouettes en si peu de temps., \u00ab\u00a0le lien social\u00a0\u00bb est enfin traduit, m\u00eame si je cherchais pas l\u00e0 des \u00ab\u00a0co-pains\u00a0\u00bb, j&rsquo;en ai d\u00e9j\u00e0 pleins, je peux pas m&#8217;emp\u00eacher de les aimer aussi. Motiv\u00e9-e-s me \u00ab\u00a0nourrit\u00a0\u00bb, mais faudrait aussi que j&rsquo;apprenne \u00e0 faire \u00e0 mang\u00e9-e-s..<\/em><\/p>\n<p style=\"text-align: justify;\"><em>\u00a0<\/em><\/p>\n<p style=\"text-align: justify;\"><em>.<\/em>Aie, aie, aie!!<\/p>\n<p style=\"text-align: justify;\">\n<p style=\"text-align: justify;\">*********************<\/p>\n<p style=\"text-align: justify;\">Ah! Derni\u00e8re minute, J. C. de 100% a r\u00e9agit \u00e0 ma litt\u00e9rature&#8230; c&rsquo;est l\u00e0\u00a0:<\/p>\n<p style=\"text-align: justify;\">\n<p style=\"text-align: justify;\"><em>Apr\u00e8s quelques h\u00e9sitations (oui, \u00e7a existe malgr\u00e9 les soi-disant certitudes que certains nous pr\u00eatent), l&rsquo;envie de r\u00e9agir \u00e0 ce journal de bord, qui appara\u00eet de plus en plus comme un soutien \u00e0 la liste Mot\u2019\u00a0 et qui, sans doute, contribue \u00e0 alimenter certaines tensions entre les listes. Ce qui me fait \u00e9crire cela c&rsquo;est le choix des apparitions (et des absences) de la cam\u00e9ra, absences \u00e0 la soir\u00e9e Porto Alegre \u00e0 Utopia le 19\/02, au rassemblement Palestine place Salengro pour baptiser la place J\u00e9rusalem-Est (en absence de Mot\u2019), \u00e0 la manif contre l&rsquo;extr\u00eame droite du 28\/02 avec 2000 pers et beaucoup de jeunes (c&rsquo;est s\u00fbr, il fallait couvrir ce soir l\u00e0 la conf de presse de Mot\u2019 !). Le comble, dans la p\u00e9riode r\u00e9cente et apr\u00e8s les attaques personnelles contre F.B., A.P., est dans la fa\u00e7on de nous d\u00e9nigrer dans le compte-rendu du meeting du 1er\/03 : probl\u00e8me pour compter les participants en en enlevant une centaine (bagatelle?), raccourci m\u00e9prisant pour le comit\u00e9 Ginestous 2000, rien sur Job, rien les artistes pr\u00e9sents (c&rsquo;est s\u00fbr, ils ne sont sans doute pas du \u00ab\u00a0bon c\u00f4t\u00e9\u00a0\u00bb). Si faire un journal de bord, d&rsquo;abord avec des incertitudes louables puis ensuite avec un basculement dans un soutien \u00e0 la liste Mot\u2019, c&rsquo;est contribuer \u00e0 \u00ab\u00a0faire de la politique autrement\u00a0\u00bb, je trouve \u00e7a un peu r\u00e9ducteur et si ais\u00e9 de choisir la liste bien plac\u00e9e dans les m\u00e9dias (artistes obligent) et dans les sondages. Il est loin le temps o\u00f9 ce journal de bord rapportait honn\u00eatement et objectivement (mais est ce vraiment possible de ne pas \u00eatre subjectif quand on rapporte ses sentiments et que l&rsquo;on a des amis engag\u00e9s dans Mot\u2019?). Tant pis\u00a0 ou tant mieux pour ceux qui ressortent ainsi heureux de la division des deux listes et rassur\u00e9s de pouvoir \u00e9crire des commentaires aussi plein de certitudes. Ceux qui doutent ne sont pas forc\u00e9ment ceux qui le clament partout. En esp\u00e9rant vraiment que l&rsquo;apr\u00e8s-\u00e9lections rassemble ceux qui sont aujourd&rsquo;hui divis\u00e9s en deux listes mais qui se retrouvaient souvent dans les luttes et les f\u00eates&#8230;<\/em><br \/>\nJ.C. (100%A.G.)<br \/>\n&#8211; 05\/03\/2001 09:35 GMT<\/p>\n<p style=\"text-align: justify;\">\n","protected":false},"excerpt":{"rendered":"<p>P&rsquo;t\u00eat que c&rsquo;est historique, p&rsquo;t\u00eat que \u00e7a ne sera qu&rsquo;une anecdote, dans l&rsquo;histoire. Ce\u00a0 WE, je suis pass\u00e9 plusieurs fois d&rsquo;un \u00e9tat \u00e0 l\u2019autre. D&rsquo;abord, les restos du coeur, (zut, je fatigue d\u00e9j\u00e0), le repas de tous les quartiers, samedi<\/p>\n","protected":false},"author":1,"featured_media":0,"comment_status":"open","ping_status":"open","sticky":false,"template":"","format":"standard","meta":{"footnotes":""},"categories":[11,18],"tags":[],"class_list":["post-219","post","type-post","status-publish","format-standard","hentry","category-journal","category-mars-2001"],"_links":{"self":[{"href":"https:\/\/unfilm.org\/index.php?rest_route=\/wp\/v2\/posts\/219","targetHints":{"allow":["GET"]}}],"collection":[{"href":"https:\/\/unfilm.org\/index.php?rest_route=\/wp\/v2\/posts"}],"about":[{"href":"https:\/\/unfilm.org\/index.php?rest_route=\/wp\/v2\/types\/post"}],"author":[{"embeddable":true,"href":"https:\/\/unfilm.org\/index.php?rest_route=\/wp\/v2\/users\/1"}],"replies":[{"embeddable":true,"href":"https:\/\/unfilm.org\/index.php?rest_route=%2Fwp%2Fv2%2Fcomments&post=219"}],"version-history":[{"count":0,"href":"https:\/\/unfilm.org\/index.php?rest_route=\/wp\/v2\/posts\/219\/revisions"}],"wp:attachment":[{"href":"https:\/\/unfilm.org\/index.php?rest_route=%2Fwp%2Fv2%2Fmedia&parent=219"}],"wp:term":[{"taxonomy":"category","embeddable":true,"href":"https:\/\/unfilm.org\/index.php?rest_route=%2Fwp%2Fv2%2Fcategories&post=219"},{"taxonomy":"post_tag","embeddable":true,"href":"https:\/\/unfilm.org\/index.php?rest_route=%2Fwp%2Fv2%2Ftags&post=219"}],"curies":[{"name":"wp","href":"https:\/\/api.w.org\/{rel}","templated":true}]}}